{"id":7907,"date":"2026-06-12T12:30:00","date_gmt":"2026-06-12T10:30:00","guid":{"rendered":"https:\/\/www.kraemer-druck.de\/?p=7907"},"modified":"2026-07-10T14:46:05","modified_gmt":"2026-07-10T12:46:05","slug":"weinetikett-fuer-die-realschule-plus-bernkastel-kues","status":"publish","type":"post","link":"https:\/\/www.kraemer-druck.de\/en\/weinetikett-fuer-die-realschule-plus-bernkastel-kues\/","title":{"rendered":"Wine label for the Realschule plus in Bernkastel-Kues"},"content":{"rendered":"<div data-elementor-type=\"wp-post\" data-elementor-id=\"7907\" class=\"elementor elementor-7907\" data-elementor-post-type=\"post\">\n\t\t\t\t<div class=\"elementor-element elementor-element-9914810 e-flex e-con-boxed e-con e-parent\" data-id=\"9914810\" data-element_type=\"container\" data-e-type=\"container\">\n\t\t\t\t\t<div class=\"e-con-inner\">\n\t\t\t\t<div class=\"elementor-element elementor-element-f3deca9 elementor-widget elementor-widget-image\" data-id=\"f3deca9\" data-element_type=\"widget\" data-e-type=\"widget\" data-widget_type=\"image.default\">\n\t\t\t\t<div class=\"elementor-widget-container\">\n\t\t\t\t\t\t\t\t\t\t\t\t\t\t\t<img fetchpriority=\"high\" decoding=\"async\" width=\"800\" height=\"416\" src=\"https:\/\/www.kraemer-druck.de\/wp-content\/uploads\/2026\/07\/RSplus1-1024x533.webp\" class=\"attachment-large size-large wp-image-7910 not-transparent\" alt=\"Beim Gruppenfoto pr\u00e4sentieren die Sch\u00fcler stolz ihre Etiketten\" srcset=\"https:\/\/www.kraemer-druck.de\/wp-content\/uploads\/2026\/07\/RSplus1-1024x533.webp 1024w, https:\/\/www.kraemer-druck.de\/wp-content\/uploads\/2026\/07\/RSplus1-300x156.webp 300w, https:\/\/www.kraemer-druck.de\/wp-content\/uploads\/2026\/07\/RSplus1-768x400.webp 768w, https:\/\/www.kraemer-druck.de\/wp-content\/uploads\/2026\/07\/RSplus1-1536x799.webp 1536w, https:\/\/www.kraemer-druck.de\/wp-content\/uploads\/2026\/07\/RSplus1-18x9.webp 18w, https:\/\/www.kraemer-druck.de\/wp-content\/uploads\/2026\/07\/RSplus1.webp 1920w\" sizes=\"(max-width: 800px) 100vw, 800px\" data-has-transparency=\"false\" data-dominant-color=\"8b8d8b\" style=\"--dominant-color: #8b8d8b\" \/>\t\t\t\t\t\t\t\t\t\t\t\t\t\t\t<\/div>\n\t\t\t\t<\/div>\n\t\t\t\t\t<\/div>\n\t\t\t\t<\/div>\n\t\t<div class=\"elementor-element elementor-element-01070a0 e-flex e-con-boxed e-con e-parent\" data-id=\"01070a0\" data-element_type=\"container\" data-e-type=\"container\">\n\t\t\t\t\t<div class=\"e-con-inner\">\n\t\t\t\t<div class=\"elementor-element elementor-element-a86d1de elementor-widget elementor-widget-heading\" data-id=\"a86d1de\" data-element_type=\"widget\" data-e-type=\"widget\" data-widget_type=\"heading.default\">\n\t\t\t\t<div class=\"elementor-widget-container\">\n\t\t\t\t\t<h1 class=\"elementor-heading-title elementor-size-default\">Wine label for the Realschule plus in Bernkastel-Kues<\/h1>\t\t\t\t<\/div>\n\t\t\t\t<\/div>\n\t\t\t\t<div class=\"elementor-element elementor-element-464f844 elementor-align-left elementor-widget elementor-widget-post-info\" data-id=\"464f844\" data-element_type=\"widget\" data-e-type=\"widget\" data-widget_type=\"post-info.default\">\n\t\t\t\t<div class=\"elementor-widget-container\">\n\t\t\t\t\t\t\t<ul class=\"elementor-inline-items elementor-icon-list-items elementor-post-info\">\n\t\t\t\t\t\t\t\t<li class=\"elementor-icon-list-item elementor-repeater-item-2595ec3 elementor-inline-item\" itemprop=\"datePublished\">\n\t\t\t\t\t\t\t\t\t\t\t\t\t<span class=\"elementor-icon-list-text elementor-post-info__item elementor-post-info__item--type-date\">\n\t\t\t\t\t\t\t\t\t\t<time>12. June 2026<\/time>\t\t\t\t\t<\/span>\n\t\t\t\t\t\t\t\t<\/li>\n\t\t\t\t<li class=\"elementor-icon-list-item elementor-repeater-item-1c41e4e elementor-inline-item\" itemprop=\"about\">\n\t\t\t\t\t\t\t\t\t\t\t\t\t<span class=\"elementor-icon-list-text elementor-post-info__item elementor-post-info__item--type-terms\">\n\t\t\t\t\t\t\t<span class=\"elementor-post-info__item-prefix\">Category<\/span>\n\t\t\t\t\t\t\t\t\t\t<span class=\"elementor-post-info__terms-list\">\n\t\t\t\t<a href=\"https:\/\/www.kraemer-druck.de\/en\/category\/regionales\/\" class=\"elementor-post-info__terms-list-item\">Regional<\/a>\t\t\t\t<\/span>\n\t\t\t\t\t<\/span>\n\t\t\t\t\t\t\t\t<\/li>\n\t\t\t\t<\/ul>\n\t\t\t\t\t\t<\/div>\n\t\t\t\t<\/div>\n\t\t\t\t<div class=\"elementor-element elementor-element-c855253 elementor-widget elementor-widget-text-editor\" data-id=\"c855253\" data-element_type=\"widget\" data-e-type=\"widget\" data-widget_type=\"text-editor.default\">\n\t\t\t\t<div class=\"elementor-widget-container\">\n\t\t\t\t\t\t\t\t\t<div class=\"x14z9mp xat24cr x1lziwak x1vvkbs xtlvy1s x126k92a\">\n<div dir=\"auto\">\n<p>As in the past two years, we were once again delighted to print the label for the wine produced by the students on the viticulture elective course at the Realschule plus in Bernkastel-Kues. The pupils visited us in person once more to experience the printing process first-hand. \nThe label for the fungus-resistant Phoenix grape variety displays a stylised phoenix. The pupils designed the label as part of their lessons. The stylish black wine label was printed on tactile uncoated paper, on which the flat hot foil stamping of the lettering stands out particularly well.<\/p>\n<p>Many thanks to my colleagues for demonstrating and explaining the individual steps on the machines.<\/p>\n<p>\u00a0<\/p>\n<\/div>\n<p><a href=\"https:\/\/www.kraemer-druck.de\/en\/wie-entsteht-eigentlich-ein-weinetikett-schulklasse-zu-besuch\/\" target=\"_blank\" rel=\"noopener\"><strong>\u00bb Find out more about the compulsory elective subject \u2018Viticulture\u2019 here<\/strong><\/a><\/p>\n<\/div>\t\t\t\t\t\t\t\t<\/div>\n\t\t\t\t<\/div>\n\t\t\t\t<div class=\"elementor-element elementor-element-bc89eac elementor-widget elementor-widget-text-editor\" data-id=\"bc89eac\" data-element_type=\"widget\" data-e-type=\"widget\" data-widget_type=\"text-editor.default\">\n\t\t\t\t<div class=\"elementor-widget-container\">\n\t\t\t\t\t\t\t\t\t<div class=\"x14z9mp xat24cr x1lziwak x1vvkbs xtlvy1s x126k92a\"><div dir=\"auto\"><p>We wish the pupils a wonderful graduation ceremony and all the best for the future!<\/p><\/div><\/div>\t\t\t\t\t\t\t\t<\/div>\n\t\t\t\t<\/div>\n\t\t\t\t\t<\/div>\n\t\t\t\t<\/div>\n\t\t<div class=\"elementor-element elementor-element-5c700dc e-flex e-con-boxed e-con e-parent\" data-id=\"5c700dc\" data-element_type=\"container\" data-e-type=\"container\">\n\t\t\t\t\t<div class=\"e-con-inner\">\n\t\t<div class=\"elementor-element elementor-element-19c9a97 e-con-full e-flex e-con e-child\" data-id=\"19c9a97\" data-element_type=\"container\" data-e-type=\"container\">\n\t\t\t\t<div class=\"elementor-element elementor-element-b03579e elementor-widget elementor-widget-gallery\" data-id=\"b03579e\" data-element_type=\"widget\" data-e-type=\"widget\" data-settings=\"{&quot;gallery_layout&quot;:&quot;masonry&quot;,&quot;lazyload&quot;:&quot;yes&quot;,&quot;columns&quot;:4,&quot;columns_tablet&quot;:2,&quot;columns_mobile&quot;:1,&quot;gap&quot;:{&quot;unit&quot;:&quot;px&quot;,&quot;size&quot;:10,&quot;sizes&quot;:[]},&quot;gap_tablet&quot;:{&quot;unit&quot;:&quot;px&quot;,&quot;size&quot;:10,&quot;sizes&quot;:[]},&quot;gap_mobile&quot;:{&quot;unit&quot;:&quot;px&quot;,&quot;size&quot;:10,&quot;sizes&quot;:[]},&quot;link_to&quot;:&quot;file&quot;,&quot;overlay_background&quot;:&quot;yes&quot;,&quot;content_hover_animation&quot;:&quot;fade-in&quot;}\" data-widget_type=\"gallery.default\">\n\t\t\t\t<div class=\"elementor-widget-container\">\n\t\t\t\t\t\t\t<div class=\"elementor-gallery__container\">\n\t\t\t\t\t\t\t<a class=\"e-gallery-item elementor-gallery-item elementor-animated-content\" href=\"https:\/\/www.kraemer-druck.de\/wp-content\/uploads\/2026\/07\/RSplus5.webp\" data-elementor-open-lightbox=\"yes\" data-elementor-lightbox-slideshow=\"b03579e\" data-e-action-hash=\"#elementor-action%3Aaction%3Dlightbox%26settings%3DeyJpZCI6NzkxNCwidXJsIjoiaHR0cHM6XC9cL3d3dy5rcmFlbWVyLWRydWNrLmRlXC93cC1jb250ZW50XC91cGxvYWRzXC8yMDI2XC8wN1wvUlNwbHVzNS53ZWJwIiwic2xpZGVzaG93IjoiYjAzNTc5ZSJ9\">\n\t\t\t\t\t<div class=\"e-gallery-image elementor-gallery-item__image\" data-thumbnail=\"https:\/\/www.kraemer-druck.de\/wp-content\/uploads\/2026\/07\/RSplus5.webp\" data-width=\"767\" data-height=\"588\" aria-label=\"Bei einer kurzen Unternehmensvorstellung zu Beginn der Druckabstimmung werden den Sch\u00fclerinnen und Sch\u00fclern auch die Ausbildungsberufe in der Druckerei vorgestellt\" role=\"img\" ><\/div>\n\t\t\t\t\t\t\t\t\t\t\t<div class=\"elementor-gallery-item__overlay\"><\/div>\n\t\t\t\t\t\t\t\t\t\t\t\t\t\t<\/a>\n\t\t\t\t\t\t\t<a class=\"e-gallery-item elementor-gallery-item elementor-animated-content\" href=\"https:\/\/www.kraemer-druck.de\/wp-content\/uploads\/2026\/07\/RSplus2.webp\" data-elementor-open-lightbox=\"yes\" data-elementor-lightbox-slideshow=\"b03579e\" data-e-action-hash=\"#elementor-action%3Aaction%3Dlightbox%26settings%3DeyJpZCI6NzkxMSwidXJsIjoiaHR0cHM6XC9cL3d3dy5rcmFlbWVyLWRydWNrLmRlXC93cC1jb250ZW50XC91cGxvYWRzXC8yMDI2XC8wN1wvUlNwbHVzMi53ZWJwIiwic2xpZGVzaG93IjoiYjAzNTc5ZSJ9\">\n\t\t\t\t\t<div class=\"e-gallery-image elementor-gallery-item__image\" data-thumbnail=\"https:\/\/www.kraemer-druck.de\/wp-content\/uploads\/2026\/07\/RSplus2.webp\" data-width=\"767\" data-height=\"788\" aria-label=\"Im ersten Schritt wurde das Motiv gedruckt, hier wird einmal genau begutachtet, ob alles passt.\" role=\"img\" ><\/div>\n\t\t\t\t\t\t\t\t\t\t\t<div class=\"elementor-gallery-item__overlay\"><\/div>\n\t\t\t\t\t\t\t\t\t\t\t\t\t\t<\/a>\n\t\t\t\t\t\t\t<a class=\"e-gallery-item elementor-gallery-item elementor-animated-content\" href=\"https:\/\/www.kraemer-druck.de\/wp-content\/uploads\/2026\/07\/RSplus3.webp\" data-elementor-open-lightbox=\"yes\" data-elementor-lightbox-slideshow=\"b03579e\" data-e-action-hash=\"#elementor-action%3Aaction%3Dlightbox%26settings%3DeyJpZCI6NzkxMiwidXJsIjoiaHR0cHM6XC9cL3d3dy5rcmFlbWVyLWRydWNrLmRlXC93cC1jb250ZW50XC91cGxvYWRzXC8yMDI2XC8wN1wvUlNwbHVzMy53ZWJwIiwic2xpZGVzaG93IjoiYjAzNTc5ZSJ9\">\n\t\t\t\t\t<div class=\"e-gallery-image elementor-gallery-item__image\" data-thumbnail=\"https:\/\/www.kraemer-druck.de\/wp-content\/uploads\/2026\/07\/RSplus3.webp\" data-width=\"767\" data-height=\"848\" aria-label=\"Zu jeder Druckabstimmung geh\u00f6rt auch die finale Unterschrift zur Freigabe \u2013 so auch beim Weinetikett der Realschule plus durch die Sch\u00fclerinnen und Sch\u00fcler h\u00f6chstpers\u00f6nlich\" role=\"img\" ><\/div>\n\t\t\t\t\t\t\t\t\t\t\t<div class=\"elementor-gallery-item__overlay\"><\/div>\n\t\t\t\t\t\t\t\t\t\t\t\t\t\t<\/a>\n\t\t\t\t\t\t\t<a class=\"e-gallery-item elementor-gallery-item elementor-animated-content\" href=\"https:\/\/www.kraemer-druck.de\/wp-content\/uploads\/2026\/07\/RSplus4.webp\" data-elementor-open-lightbox=\"yes\" data-elementor-lightbox-slideshow=\"b03579e\" data-e-action-hash=\"#elementor-action%3Aaction%3Dlightbox%26settings%3DeyJpZCI6NzkxMywidXJsIjoiaHR0cHM6XC9cL3d3dy5rcmFlbWVyLWRydWNrLmRlXC93cC1jb250ZW50XC91cGxvYWRzXC8yMDI2XC8wN1wvUlNwbHVzNC53ZWJwIiwic2xpZGVzaG93IjoiYjAzNTc5ZSJ9\">\n\t\t\t\t\t<div class=\"e-gallery-image elementor-gallery-item__image\" data-thumbnail=\"https:\/\/www.kraemer-druck.de\/wp-content\/uploads\/2026\/07\/RSplus4.webp\" data-width=\"767\" data-height=\"844\" aria-label=\"Eine Druckbahn voll Nutzen des Weinetiketts\" role=\"img\" ><\/div>\n\t\t\t\t\t\t\t\t\t\t\t<div class=\"elementor-gallery-item__overlay\"><\/div>\n\t\t\t\t\t\t\t\t\t\t\t\t\t\t<\/a>\n\t\t\t\t\t\t\t<a class=\"e-gallery-item elementor-gallery-item elementor-animated-content\" href=\"https:\/\/www.kraemer-druck.de\/wp-content\/uploads\/2026\/07\/RSplus8.webp\" data-elementor-open-lightbox=\"yes\" data-elementor-lightbox-slideshow=\"b03579e\" data-e-action-hash=\"#elementor-action%3Aaction%3Dlightbox%26settings%3DeyJpZCI6NzkxNywidXJsIjoiaHR0cHM6XC9cL3d3dy5rcmFlbWVyLWRydWNrLmRlXC93cC1jb250ZW50XC91cGxvYWRzXC8yMDI2XC8wN1wvUlNwbHVzOC53ZWJwIiwic2xpZGVzaG93IjoiYjAzNTc5ZSJ9\">\n\t\t\t\t\t<div class=\"e-gallery-image elementor-gallery-item__image\" data-thumbnail=\"https:\/\/www.kraemer-druck.de\/wp-content\/uploads\/2026\/07\/RSplus8.webp\" data-width=\"767\" data-height=\"1023\" aria-label=\"Phoenix Tr\u00e4nen \u2013 so hei\u00dft der Wein des Wahlpflichtfachs Weinbau der Realschule pus aus Bernkastel-Kues\" role=\"img\" ><\/div>\n\t\t\t\t\t\t\t\t\t\t\t<div class=\"elementor-gallery-item__overlay\"><\/div>\n\t\t\t\t\t\t\t\t\t\t\t\t\t\t<\/a>\n\t\t\t\t\t\t\t<a class=\"e-gallery-item elementor-gallery-item elementor-animated-content\" href=\"https:\/\/www.kraemer-druck.de\/wp-content\/uploads\/2026\/07\/RSplus7.webp\" data-elementor-open-lightbox=\"yes\" data-elementor-lightbox-slideshow=\"b03579e\" data-e-action-hash=\"#elementor-action%3Aaction%3Dlightbox%26settings%3DeyJpZCI6NzkxNiwidXJsIjoiaHR0cHM6XC9cL3d3dy5rcmFlbWVyLWRydWNrLmRlXC93cC1jb250ZW50XC91cGxvYWRzXC8yMDI2XC8wN1wvUlNwbHVzNy53ZWJwIiwic2xpZGVzaG93IjoiYjAzNTc5ZSJ9\">\n\t\t\t\t\t<div class=\"e-gallery-image elementor-gallery-item__image\" data-thumbnail=\"https:\/\/www.kraemer-druck.de\/wp-content\/uploads\/2026\/07\/RSplus7.webp\" data-width=\"767\" data-height=\"1023\" aria-label=\"Auf dem Naturpapier mit dunklem Druck kommt die silberne Hei\u00dffolienveredelung besonders gut zur Geltung\" role=\"img\" ><\/div>\n\t\t\t\t\t\t\t\t\t\t\t<div class=\"elementor-gallery-item__overlay\"><\/div>\n\t\t\t\t\t\t\t\t\t\t\t\t\t\t<\/a>\n\t\t\t\t\t\t\t<a class=\"e-gallery-item elementor-gallery-item elementor-animated-content\" href=\"https:\/\/www.kraemer-druck.de\/wp-content\/uploads\/2026\/07\/RSplus6.webp\" data-elementor-open-lightbox=\"yes\" data-elementor-lightbox-slideshow=\"b03579e\" data-e-action-hash=\"#elementor-action%3Aaction%3Dlightbox%26settings%3DeyJpZCI6NzkxNSwidXJsIjoiaHR0cHM6XC9cL3d3dy5rcmFlbWVyLWRydWNrLmRlXC93cC1jb250ZW50XC91cGxvYWRzXC8yMDI2XC8wN1wvUlNwbHVzNi53ZWJwIiwic2xpZGVzaG93IjoiYjAzNTc5ZSJ9\">\n\t\t\t\t\t<div class=\"e-gallery-image elementor-gallery-item__image\" data-thumbnail=\"https:\/\/www.kraemer-druck.de\/wp-content\/uploads\/2026\/07\/RSplus6.webp\" data-width=\"767\" data-height=\"959\" aria-label=\"Die fertigen Flaschen des selbst hergestellten Weins\" role=\"img\" ><\/div>\n\t\t\t\t\t\t\t\t\t\t\t<div class=\"elementor-gallery-item__overlay\"><\/div>\n\t\t\t\t\t\t\t\t\t\t\t\t\t\t<\/a>\n\t\t\t\t\t<\/div>\n\t\t\t\t\t<\/div>\n\t\t\t\t<\/div>\n\t\t\t\t<\/div>\n\t\t\t\t\t<\/div>\n\t\t\t\t<\/div>\n\t\t<div class=\"elementor-element elementor-element-374f870 e-flex e-con-boxed e-con e-parent\" data-id=\"374f870\" data-element_type=\"container\" data-e-type=\"container\" data-settings=\"{&quot;background_background&quot;:&quot;classic&quot;}\">\n\t\t\t\t\t<div class=\"e-con-inner\">\n\t\t<div class=\"elementor-element elementor-element-67e67db e-con-full e-flex e-con e-child\" data-id=\"67e67db\" data-element_type=\"container\" data-e-type=\"container\">\n\t\t\t\t<div class=\"elementor-element elementor-element-b5446d1 elementor-widget elementor-widget-text-editor\" data-id=\"b5446d1\" data-element_type=\"widget\" data-e-type=\"widget\" data-widget_type=\"text-editor.default\">\n\t\t\t\t<div class=\"elementor-widget-container\">\n\t\t\t\t\t\t\t\t\t<p><strong>Share this post:<\/strong><\/p>\t\t\t\t\t\t\t\t<\/div>\n\t\t\t\t<\/div>\n\t\t\t\t<div class=\"elementor-element elementor-element-84d4ae6 elementor-share-buttons--skin-minimal elementor-share-buttons--shape-circle elementor-share-buttons--color-custom elementor-share-buttons--view-icon-text elementor-grid-0 elementor-widget elementor-widget-share-buttons\" data-id=\"84d4ae6\" data-element_type=\"widget\" data-e-type=\"widget\" data-widget_type=\"share-buttons.default\">\n\t\t\t\t<div class=\"elementor-widget-container\">\n\t\t\t\t\t\t\t<div class=\"elementor-grid\" role=\"list\">\n\t\t\t\t\t\t\t\t<div class=\"elementor-grid-item\" role=\"listitem\">\n\t\t\t\t\t\t<div class=\"elementor-share-btn elementor-share-btn_facebook\" role=\"button\" tabindex=\"0\" aria-label=\"Teilen auf facebook\">\n\t\t\t\t\t\t\t\t\t\t\t\t\t\t\t<span class=\"elementor-share-btn__icon\">\n\t\t\t\t\t\t\t\t<svg aria-hidden=\"true\" class=\"e-font-icon-svg e-fab-facebook\" viewbox=\"0 0 512 512\" xmlns=\"http:\/\/www.w3.org\/2000\/svg\"><path d=\"M504 256C504 119 393 8 256 8S8 119 8 256c0 123.78 90.69 226.38 209.25 245V327.69h-63V256h63v-54.64c0-62.15 37-96.48 93.67-96.48 27.14 0 55.52 4.84 55.52 4.84v61h-31.28c-30.8 0-40.41 19.12-40.41 38.73V256h68.78l-11 71.69h-57.78V501C413.31 482.38 504 379.78 504 256z\"><\/path><\/svg>\t\t\t\t\t\t\t<\/span>\n\t\t\t\t\t\t\t\t\t\t\t\t\t\t\t\t\t\t\t\t<\/div>\n\t\t\t\t\t<\/div>\n\t\t\t\t\t\t\t\t\t<div class=\"elementor-grid-item\" role=\"listitem\">\n\t\t\t\t\t\t<div class=\"elementor-share-btn elementor-share-btn_linkedin\" role=\"button\" tabindex=\"0\" aria-label=\"Teilen auf linkedin\">\n\t\t\t\t\t\t\t\t\t\t\t\t\t\t\t<span class=\"elementor-share-btn__icon\">\n\t\t\t\t\t\t\t\t<svg aria-hidden=\"true\" class=\"e-font-icon-svg e-fab-linkedin\" viewbox=\"0 0 448 512\" xmlns=\"http:\/\/www.w3.org\/2000\/svg\"><path d=\"M416 32H31.9C14.3 32 0 46.5 0 64.3v383.4C0 465.5 14.3 480 31.9 480H416c17.6 0 32-14.5 32-32.3V64.3c0-17.8-14.4-32.3-32-32.3zM135.4 416H69V202.2h66.5V416zm-33.2-243c-21.3 0-38.5-17.3-38.5-38.5S80.9 96 102.2 96c21.2 0 38.5 17.3 38.5 38.5 0 21.3-17.2 38.5-38.5 38.5zm282.1 243h-66.4V312c0-24.8-.5-56.7-34.5-56.7-34.6 0-39.9 27-39.9 54.9V416h-66.4V202.2h63.7v29.2h.9c8.9-16.8 30.6-34.5 62.9-34.5 67.2 0 79.7 44.3 79.7 101.9V416z\"><\/path><\/svg>\t\t\t\t\t\t\t<\/span>\n\t\t\t\t\t\t\t\t\t\t\t\t\t\t\t\t\t\t\t\t<\/div>\n\t\t\t\t\t<\/div>\n\t\t\t\t\t\t\t\t\t<div class=\"elementor-grid-item\" role=\"listitem\">\n\t\t\t\t\t\t<div class=\"elementor-share-btn elementor-share-btn_whatsapp\" role=\"button\" tabindex=\"0\" aria-label=\"Teilen auf whatsapp\">\n\t\t\t\t\t\t\t\t\t\t\t\t\t\t\t<span class=\"elementor-share-btn__icon\">\n\t\t\t\t\t\t\t\t<svg aria-hidden=\"true\" class=\"e-font-icon-svg e-fab-whatsapp\" viewbox=\"0 0 448 512\" xmlns=\"http:\/\/www.w3.org\/2000\/svg\"><path d=\"M380.9 97.1C339 55.1 283.2 32 223.9 32c-122.4 0-222 99.6-222 222 0 39.1 10.2 77.3 29.6 111L0 480l117.7-30.9c32.4 17.7 68.9 27 106.1 27h.1c122.3 0 224.1-99.6 224.1-222 0-59.3-25.2-115-67.1-157zm-157 341.6c-33.2 0-65.7-8.9-94-25.7l-6.7-4-69.8 18.3L72 359.2l-4.4-7c-18.5-29.4-28.2-63.3-28.2-98.2 0-101.7 82.8-184.5 184.6-184.5 49.3 0 95.6 19.2 130.4 54.1 34.8 34.9 56.2 81.2 56.1 130.5 0 101.8-84.9 184.6-186.6 184.6zm101.2-138.2c-5.5-2.8-32.8-16.2-37.9-18-5.1-1.9-8.8-2.8-12.5 2.8-3.7 5.6-14.3 18-17.6 21.8-3.2 3.7-6.5 4.2-12 1.4-32.6-16.3-54-29.1-75.5-66-5.7-9.8 5.7-9.1 16.3-30.3 1.8-3.7.9-6.9-.5-9.7-1.4-2.8-12.5-30.1-17.1-41.2-4.5-10.8-9.1-9.3-12.5-9.5-3.2-.2-6.9-.2-10.6-.2-3.7 0-9.7 1.4-14.8 6.9-5.1 5.6-19.4 19-19.4 46.3 0 27.3 19.9 53.7 22.6 57.4 2.8 3.7 39.1 59.7 94.8 83.8 35.2 15.2 49 16.5 66.6 13.9 10.7-1.6 32.8-13.4 37.4-26.4 4.6-13 4.6-24.1 3.2-26.4-1.3-2.5-5-3.9-10.5-6.6z\"><\/path><\/svg>\t\t\t\t\t\t\t<\/span>\n\t\t\t\t\t\t\t\t\t\t\t\t\t\t\t\t\t\t\t\t<\/div>\n\t\t\t\t\t<\/div>\n\t\t\t\t\t\t<\/div>\n\t\t\t\t\t\t<\/div>\n\t\t\t\t<\/div>\n\t\t\t\t<\/div>\n\t\t\t\t\t<\/div>\n\t\t\t\t<\/div>\n\t\t<div class=\"elementor-element elementor-element-18d2834 e-flex e-con-boxed e-con e-parent\" data-id=\"18d2834\" data-element_type=\"container\" data-e-type=\"container\" data-settings=\"{&quot;background_background&quot;:&quot;classic&quot;}\">\n\t\t\t\t\t<div class=\"e-con-inner\">\n\t\t\t\t<div class=\"elementor-element elementor-element-42e2d78 elementor-widget-divider--view-line elementor-widget elementor-widget-divider\" data-id=\"42e2d78\" data-element_type=\"widget\" data-e-type=\"widget\" data-widget_type=\"divider.default\">\n\t\t\t\t<div class=\"elementor-widget-container\">\n\t\t\t\t\t\t\t<div class=\"elementor-divider\">\n\t\t\t<span class=\"elementor-divider-separator\">\n\t\t\t\t\t\t<\/span>\n\t\t<\/div>\n\t\t\t\t\t\t<\/div>\n\t\t\t\t<\/div>\n\t\t\t\t<div class=\"elementor-element elementor-element-a9080d0 elementor-widget elementor-widget-post-navigation\" data-id=\"a9080d0\" data-element_type=\"widget\" data-e-type=\"widget\" data-widget_type=\"post-navigation.default\">\n\t\t\t\t<div class=\"elementor-widget-container\">\n\t\t\t\t\t\t\t<div class=\"elementor-post-navigation\" role=\"navigation\" aria-label=\"Post Navigation\">\n\t\t\t<div class=\"elementor-post-navigation__prev elementor-post-navigation__link\">\n\t\t\t\t<a href=\"https:\/\/www.kraemer-druck.de\/en\/traubensaft-etikett-fuer-den-kinderwingert-in-lieser\/\" rel=\"prev\"><span class=\"post-navigation__arrow-wrapper post-navigation__arrow-prev\"><svg aria-hidden=\"true\" class=\"e-font-icon-svg e-fas-angle-left\" viewbox=\"0 0 256 512\" xmlns=\"http:\/\/www.w3.org\/2000\/svg\"><path d=\"M31.7 239l136-136c9.4-9.4 24.6-9.4 33.9 0l22.6 22.6c9.4 9.4 9.4 24.6 0 33.9L127.9 256l96.4 96.4c9.4 9.4 9.4 24.6 0 33.9L201.7 409c-9.4 9.4-24.6 9.4-33.9 0l-136-136c-9.5-9.4-9.5-24.6-.1-34z\"><\/path><\/svg><span class=\"elementor-screen-only\">Prev<\/span><\/span><span class=\"elementor-post-navigation__link__prev\"><span class=\"post-navigation__prev--label\">Previous post<\/span><span class=\"post-navigation__prev--title\">A grape juice label for the Lieser children's vineyard<\/span><\/span><\/a>\t\t\t<\/div>\n\t\t\t\t\t\t<div class=\"elementor-post-navigation__next elementor-post-navigation__link\">\n\t\t\t\t<a href=\"https:\/\/www.kraemer-druck.de\/en\/ausbildungsabschluss-und-gautschfeier\/\" rel=\"next\"><span class=\"elementor-post-navigation__link__next\"><span class=\"post-navigation__next--label\">Next post<\/span><span class=\"post-navigation__next--title\">Apprenticeship completion and 'Gautsch' ceremony<\/span><\/span><span class=\"post-navigation__arrow-wrapper post-navigation__arrow-next\"><svg aria-hidden=\"true\" class=\"e-font-icon-svg e-fas-angle-right\" viewbox=\"0 0 256 512\" xmlns=\"http:\/\/www.w3.org\/2000\/svg\"><path d=\"M224.3 273l-136 136c-9.4 9.4-24.6 9.4-33.9 0l-22.6-22.6c-9.4-9.4-9.4-24.6 0-33.9l96.4-96.4-96.4-96.4c-9.4-9.4-9.4-24.6 0-33.9L54.3 103c9.4-9.4 24.6-9.4 33.9 0l136 136c9.5 9.4 9.5 24.6.1 34z\"><\/path><\/svg><span class=\"elementor-screen-only\">Next<\/span><\/span><\/a>\t\t\t<\/div>\n\t\t<\/div>\n\t\t\t\t\t\t<\/div>\n\t\t\t\t<\/div>\n\t\t\t\t\t<\/div>\n\t\t\t\t<\/div>\n\t\t\t\t<\/div>","protected":false},"excerpt":{"rendered":"<p>Once again this year, we have worked with the pupils on the viticulture course to print the label for their own wine.<\/p>","protected":false},"author":1,"featured_media":7917,"comment_status":"closed","ping_status":"open","sticky":false,"template":"","format":"standard","meta":{"footnotes":""},"categories":[25],"tags":[],"class_list":["post-7907","post","type-post","status-publish","format-standard","has-post-thumbnail","hentry","category-regionales"],"yoast_head":"<!-- This site is optimized with the Yoast SEO plugin v28.3 - https:\/\/yoast.com\/product\/yoast-seo-wordpress\/ -->\n<title>Weinetikett f\u00fcr die Realschule plus Bernkastel-Kues | Kr\u00e4mer Druck \u2013\u00a0Etikettendruckerei an der Mosel<\/title>\n<meta name=\"description\" content=\"Auch dieses Jahr durften wir das Weinetikett f\u00fcr den Wein der Realschule plus Bernkastel-Kues drucken. Ein Projekt, das wir gerne unterst\u00fctzen!\" \/>\n<meta name=\"robots\" content=\"index, follow, max-snippet:-1, max-image-preview:large, max-video-preview:-1\" \/>\n<link rel=\"canonical\" href=\"https:\/\/www.kraemer-druck.de\/en\/weinetikett-fuer-die-realschule-plus-bernkastel-kues\/\" \/>\n<meta property=\"og:locale\" content=\"en_GB\" \/>\n<meta property=\"og:type\" content=\"article\" \/>\n<meta property=\"og:title\" content=\"Weinetikett f\u00fcr die Realschule plus Bernkastel-Kues | Kr\u00e4mer Druck \u2013\u00a0Etikettendruckerei an der Mosel\" \/>\n<meta property=\"og:description\" content=\"Auch dieses Jahr durften wir das Weinetikett f\u00fcr den Wein der Realschule plus Bernkastel-Kues drucken. Ein Projekt, das wir gerne unterst\u00fctzen!\" \/>\n<meta property=\"og:url\" content=\"https:\/\/www.kraemer-druck.de\/en\/weinetikett-fuer-die-realschule-plus-bernkastel-kues\/\" \/>\n<meta property=\"og:site_name\" content=\"Kr\u00e4mer Druck \u2013\u00a0Etikettendruckerei an der Mosel\" \/>\n<meta property=\"article:publisher\" content=\"https:\/\/www.facebook.com\/KraemerDruck\" \/>\n<meta property=\"article:published_time\" content=\"2026-06-12T10:30:00+00:00\" \/>\n<meta property=\"article:modified_time\" content=\"2026-07-10T12:46:05+00:00\" \/>\n<meta property=\"og:image\" content=\"https:\/\/www.kraemer-druck.de\/wp-content\/uploads\/2026\/07\/RSplus8.webp\" \/>\n\t<meta property=\"og:image:width\" content=\"767\" \/>\n\t<meta property=\"og:image:height\" content=\"1023\" \/>\n\t<meta property=\"og:image:type\" content=\"image\/jpeg\" \/>\n<meta name=\"author\" content=\"kraemerdruck\" \/>\n<meta name=\"twitter:card\" content=\"summary_large_image\" \/>\n<meta name=\"twitter:label1\" content=\"Written by\" \/>\n\t<meta name=\"twitter:data1\" content=\"kraemerdruck\" \/>\n\t<meta name=\"twitter:label2\" content=\"Estimated reading time\" \/>\n\t<meta name=\"twitter:data2\" content=\"2 minutes\" \/>\n<script type=\"application\/ld+json\" class=\"yoast-schema-graph\">{\"@context\":\"https:\\\/\\\/schema.org\",\"@graph\":[{\"@type\":\"Article\",\"@id\":\"https:\\\/\\\/www.kraemer-druck.de\\\/weinetikett-fuer-die-realschule-plus-bernkastel-kues\\\/#article\",\"isPartOf\":{\"@id\":\"https:\\\/\\\/www.kraemer-druck.de\\\/weinetikett-fuer-die-realschule-plus-bernkastel-kues\\\/\"},\"author\":{\"name\":\"kraemerdruck\",\"@id\":\"https:\\\/\\\/www.kraemer-druck.de\\\/#\\\/schema\\\/person\\\/90ab76f26bd85bca3bc5174c45df51f4\"},\"headline\":\"Weinetikett f\u00fcr die Realschule plus Bernkastel-Kues\",\"datePublished\":\"2026-06-12T10:30:00+00:00\",\"dateModified\":\"2026-07-10T12:46:05+00:00\",\"mainEntityOfPage\":{\"@id\":\"https:\\\/\\\/www.kraemer-druck.de\\\/weinetikett-fuer-die-realschule-plus-bernkastel-kues\\\/\"},\"wordCount\":164,\"publisher\":{\"@id\":\"https:\\\/\\\/www.kraemer-druck.de\\\/#organization\"},\"image\":{\"@id\":\"https:\\\/\\\/www.kraemer-druck.de\\\/weinetikett-fuer-die-realschule-plus-bernkastel-kues\\\/#primaryimage\"},\"thumbnailUrl\":\"https:\\\/\\\/www.kraemer-druck.de\\\/wp-content\\\/uploads\\\/2026\\\/07\\\/RSplus8.webp\",\"articleSection\":[\"Regionales\"],\"inLanguage\":\"en-GB\"},{\"@type\":\"WebPage\",\"@id\":\"https:\\\/\\\/www.kraemer-druck.de\\\/weinetikett-fuer-die-realschule-plus-bernkastel-kues\\\/\",\"url\":\"https:\\\/\\\/www.kraemer-druck.de\\\/weinetikett-fuer-die-realschule-plus-bernkastel-kues\\\/\",\"name\":\"Weinetikett f\u00fcr die Realschule plus Bernkastel-Kues | Kr\u00e4mer Druck \u2013\u00a0Etikettendruckerei an der Mosel\",\"isPartOf\":{\"@id\":\"https:\\\/\\\/www.kraemer-druck.de\\\/#website\"},\"primaryImageOfPage\":{\"@id\":\"https:\\\/\\\/www.kraemer-druck.de\\\/weinetikett-fuer-die-realschule-plus-bernkastel-kues\\\/#primaryimage\"},\"image\":{\"@id\":\"https:\\\/\\\/www.kraemer-druck.de\\\/weinetikett-fuer-die-realschule-plus-bernkastel-kues\\\/#primaryimage\"},\"thumbnailUrl\":\"https:\\\/\\\/www.kraemer-druck.de\\\/wp-content\\\/uploads\\\/2026\\\/07\\\/RSplus8.webp\",\"datePublished\":\"2026-06-12T10:30:00+00:00\",\"dateModified\":\"2026-07-10T12:46:05+00:00\",\"description\":\"Auch dieses Jahr durften wir das Weinetikett f\u00fcr den Wein der Realschule plus Bernkastel-Kues drucken. Ein Projekt, das wir gerne unterst\u00fctzen!\",\"breadcrumb\":{\"@id\":\"https:\\\/\\\/www.kraemer-druck.de\\\/weinetikett-fuer-die-realschule-plus-bernkastel-kues\\\/#breadcrumb\"},\"inLanguage\":\"en-GB\",\"potentialAction\":[{\"@type\":\"ReadAction\",\"target\":[\"https:\\\/\\\/www.kraemer-druck.de\\\/weinetikett-fuer-die-realschule-plus-bernkastel-kues\\\/\"]}]},{\"@type\":\"ImageObject\",\"inLanguage\":\"en-GB\",\"@id\":\"https:\\\/\\\/www.kraemer-druck.de\\\/weinetikett-fuer-die-realschule-plus-bernkastel-kues\\\/#primaryimage\",\"url\":\"https:\\\/\\\/www.kraemer-druck.de\\\/wp-content\\\/uploads\\\/2026\\\/07\\\/RSplus8.webp\",\"contentUrl\":\"https:\\\/\\\/www.kraemer-druck.de\\\/wp-content\\\/uploads\\\/2026\\\/07\\\/RSplus8.webp\",\"width\":767,\"height\":1023,\"caption\":\"Phoenix Tr\u00e4nen \u2013 so hei\u00dft der Wein des Wahlpflichtfachs Weinbau der Realschule pus aus Bernkastel-Kues\"},{\"@type\":\"BreadcrumbList\",\"@id\":\"https:\\\/\\\/www.kraemer-druck.de\\\/weinetikett-fuer-die-realschule-plus-bernkastel-kues\\\/#breadcrumb\",\"itemListElement\":[{\"@type\":\"ListItem\",\"position\":1,\"name\":\"Startseite\",\"item\":\"https:\\\/\\\/www.kraemer-druck.de\\\/\"},{\"@type\":\"ListItem\",\"position\":2,\"name\":\"Weinetikett f\u00fcr die Realschule plus Bernkastel-Kues\"}]},{\"@type\":\"WebSite\",\"@id\":\"https:\\\/\\\/www.kraemer-druck.de\\\/#website\",\"url\":\"https:\\\/\\\/www.kraemer-druck.de\\\/\",\"name\":\"Etikettendruckerei Kr\u00e4mer Druck\",\"description\":\"Etiketten f\u00fcr die Wein-, Sekt- und Spirituosenbranche\",\"publisher\":{\"@id\":\"https:\\\/\\\/www.kraemer-druck.de\\\/#organization\"},\"alternateName\":\"Etikettendruckerei\",\"potentialAction\":[{\"@type\":\"SearchAction\",\"target\":{\"@type\":\"EntryPoint\",\"urlTemplate\":\"https:\\\/\\\/www.kraemer-druck.de\\\/?s={search_term_string}\"},\"query-input\":{\"@type\":\"PropertyValueSpecification\",\"valueRequired\":true,\"valueName\":\"search_term_string\"}}],\"inLanguage\":\"en-GB\"},{\"@type\":\"Organization\",\"@id\":\"https:\\\/\\\/www.kraemer-druck.de\\\/#organization\",\"name\":\"Kr\u00e4mer Druck \u2013\u00a0Etikettendruckerei an der Mosel\",\"alternateName\":\"Kr\u00e4mer Druck GmbH\",\"url\":\"https:\\\/\\\/www.kraemer-druck.de\\\/\",\"logo\":{\"@type\":\"ImageObject\",\"inLanguage\":\"en-GB\",\"@id\":\"https:\\\/\\\/www.kraemer-druck.de\\\/#\\\/schema\\\/logo\\\/image\\\/\",\"url\":\"https:\\\/\\\/www.kraemer-druck.de\\\/wp-content\\\/uploads\\\/2023\\\/08\\\/Logo_.png\",\"contentUrl\":\"https:\\\/\\\/www.kraemer-druck.de\\\/wp-content\\\/uploads\\\/2023\\\/08\\\/Logo_.png\",\"width\":3175,\"height\":730,\"caption\":\"Kr\u00e4mer Druck \u2013\u00a0Etikettendruckerei an der Mosel\"},\"image\":{\"@id\":\"https:\\\/\\\/www.kraemer-druck.de\\\/#\\\/schema\\\/logo\\\/image\\\/\"},\"sameAs\":[\"https:\\\/\\\/www.facebook.com\\\/KraemerDruck\",\"https:\\\/\\\/www.instagram.com\\\/kraemer_druck\",\"https:\\\/\\\/www.youtube.com\\\/@kraemerdruck\",\"https:\\\/\\\/www.linkedin.com\\\/company\\\/kraemerdruck\\\/\"]},{\"@type\":\"Person\",\"@id\":\"https:\\\/\\\/www.kraemer-druck.de\\\/#\\\/schema\\\/person\\\/90ab76f26bd85bca3bc5174c45df51f4\",\"name\":\"kraemerdruck\",\"image\":{\"@type\":\"ImageObject\",\"inLanguage\":\"en-GB\",\"@id\":\"https:\\\/\\\/secure.gravatar.com\\\/avatar\\\/995633c2ffc8bd6ce4d9bf2d84e02ad808c5b16d146b0e3c48f20f833fd24c35?s=96&d=mm&r=g\",\"url\":\"https:\\\/\\\/secure.gravatar.com\\\/avatar\\\/995633c2ffc8bd6ce4d9bf2d84e02ad808c5b16d146b0e3c48f20f833fd24c35?s=96&d=mm&r=g\",\"contentUrl\":\"https:\\\/\\\/secure.gravatar.com\\\/avatar\\\/995633c2ffc8bd6ce4d9bf2d84e02ad808c5b16d146b0e3c48f20f833fd24c35?s=96&d=mm&r=g\",\"caption\":\"kraemerdruck\"},\"sameAs\":[\"https:\\\/\\\/www.kraemer-druck.de\"]}]}<\/script>\n<!-- \/ Yoast SEO plugin. -->","yoast_head_json":{"title":"Weinetikett f\u00fcr die Realschule plus Bernkastel-Kues | Kr\u00e4mer Druck \u2013\u00a0Etikettendruckerei an der Mosel","description":"Auch dieses Jahr durften wir das Weinetikett f\u00fcr den Wein der Realschule plus Bernkastel-Kues drucken. Ein Projekt, das wir gerne unterst\u00fctzen!","robots":{"index":"index","follow":"follow","max-snippet":"max-snippet:-1","max-image-preview":"max-image-preview:large","max-video-preview":"max-video-preview:-1"},"canonical":"https:\/\/www.kraemer-druck.de\/en\/weinetikett-fuer-die-realschule-plus-bernkastel-kues\/","og_locale":"en_GB","og_type":"article","og_title":"Weinetikett f\u00fcr die Realschule plus Bernkastel-Kues | Kr\u00e4mer Druck \u2013\u00a0Etikettendruckerei an der Mosel","og_description":"Auch dieses Jahr durften wir das Weinetikett f\u00fcr den Wein der Realschule plus Bernkastel-Kues drucken. Ein Projekt, das wir gerne unterst\u00fctzen!","og_url":"https:\/\/www.kraemer-druck.de\/en\/weinetikett-fuer-die-realschule-plus-bernkastel-kues\/","og_site_name":"Kr\u00e4mer Druck \u2013\u00a0Etikettendruckerei an der Mosel","article_publisher":"https:\/\/www.facebook.com\/KraemerDruck","article_published_time":"2026-06-12T10:30:00+00:00","article_modified_time":"2026-07-10T12:46:05+00:00","og_image":[{"width":767,"height":1023,"url":"https:\/\/www.kraemer-druck.de\/wp-content\/uploads\/2026\/07\/RSplus8.webp","type":"image\/jpeg"}],"author":"kraemerdruck","twitter_card":"summary_large_image","twitter_misc":{"Written by":"kraemerdruck","Estimated reading time":"2 minutes"},"schema":{"@context":"https:\/\/schema.org","@graph":[{"@type":"Article","@id":"https:\/\/www.kraemer-druck.de\/weinetikett-fuer-die-realschule-plus-bernkastel-kues\/#article","isPartOf":{"@id":"https:\/\/www.kraemer-druck.de\/weinetikett-fuer-die-realschule-plus-bernkastel-kues\/"},"author":{"name":"kraemerdruck","@id":"https:\/\/www.kraemer-druck.de\/#\/schema\/person\/90ab76f26bd85bca3bc5174c45df51f4"},"headline":"Weinetikett f\u00fcr die Realschule plus Bernkastel-Kues","datePublished":"2026-06-12T10:30:00+00:00","dateModified":"2026-07-10T12:46:05+00:00","mainEntityOfPage":{"@id":"https:\/\/www.kraemer-druck.de\/weinetikett-fuer-die-realschule-plus-bernkastel-kues\/"},"wordCount":164,"publisher":{"@id":"https:\/\/www.kraemer-druck.de\/#organization"},"image":{"@id":"https:\/\/www.kraemer-druck.de\/weinetikett-fuer-die-realschule-plus-bernkastel-kues\/#primaryimage"},"thumbnailUrl":"https:\/\/www.kraemer-druck.de\/wp-content\/uploads\/2026\/07\/RSplus8.webp","articleSection":["Regionales"],"inLanguage":"en-GB"},{"@type":"WebPage","@id":"https:\/\/www.kraemer-druck.de\/weinetikett-fuer-die-realschule-plus-bernkastel-kues\/","url":"https:\/\/www.kraemer-druck.de\/weinetikett-fuer-die-realschule-plus-bernkastel-kues\/","name":"Weinetikett f\u00fcr die Realschule plus Bernkastel-Kues | Kr\u00e4mer Druck \u2013\u00a0Etikettendruckerei an der Mosel","isPartOf":{"@id":"https:\/\/www.kraemer-druck.de\/#website"},"primaryImageOfPage":{"@id":"https:\/\/www.kraemer-druck.de\/weinetikett-fuer-die-realschule-plus-bernkastel-kues\/#primaryimage"},"image":{"@id":"https:\/\/www.kraemer-druck.de\/weinetikett-fuer-die-realschule-plus-bernkastel-kues\/#primaryimage"},"thumbnailUrl":"https:\/\/www.kraemer-druck.de\/wp-content\/uploads\/2026\/07\/RSplus8.webp","datePublished":"2026-06-12T10:30:00+00:00","dateModified":"2026-07-10T12:46:05+00:00","description":"Auch dieses Jahr durften wir das Weinetikett f\u00fcr den Wein der Realschule plus Bernkastel-Kues drucken. Ein Projekt, das wir gerne unterst\u00fctzen!","breadcrumb":{"@id":"https:\/\/www.kraemer-druck.de\/weinetikett-fuer-die-realschule-plus-bernkastel-kues\/#breadcrumb"},"inLanguage":"en-GB","potentialAction":[{"@type":"ReadAction","target":["https:\/\/www.kraemer-druck.de\/weinetikett-fuer-die-realschule-plus-bernkastel-kues\/"]}]},{"@type":"ImageObject","inLanguage":"en-GB","@id":"https:\/\/www.kraemer-druck.de\/weinetikett-fuer-die-realschule-plus-bernkastel-kues\/#primaryimage","url":"https:\/\/www.kraemer-druck.de\/wp-content\/uploads\/2026\/07\/RSplus8.webp","contentUrl":"https:\/\/www.kraemer-druck.de\/wp-content\/uploads\/2026\/07\/RSplus8.webp","width":767,"height":1023,"caption":"Phoenix Tr\u00e4nen \u2013 so hei\u00dft der Wein des Wahlpflichtfachs Weinbau der Realschule pus aus Bernkastel-Kues"},{"@type":"BreadcrumbList","@id":"https:\/\/www.kraemer-druck.de\/weinetikett-fuer-die-realschule-plus-bernkastel-kues\/#breadcrumb","itemListElement":[{"@type":"ListItem","position":1,"name":"Startseite","item":"https:\/\/www.kraemer-druck.de\/"},{"@type":"ListItem","position":2,"name":"Weinetikett f\u00fcr die Realschule plus Bernkastel-Kues"}]},{"@type":"WebSite","@id":"https:\/\/www.kraemer-druck.de\/#website","url":"https:\/\/www.kraemer-druck.de\/","name":"Etikettendruckerei Kr\u00e4mer Druck","description":"Etiketten f\u00fcr die Wein-, Sekt- und Spirituosenbranche","publisher":{"@id":"https:\/\/www.kraemer-druck.de\/#organization"},"alternateName":"Etikettendruckerei","potentialAction":[{"@type":"SearchAction","target":{"@type":"EntryPoint","urlTemplate":"https:\/\/www.kraemer-druck.de\/?s={search_term_string}"},"query-input":{"@type":"PropertyValueSpecification","valueRequired":true,"valueName":"search_term_string"}}],"inLanguage":"en-GB"},{"@type":"Organization","@id":"https:\/\/www.kraemer-druck.de\/#organization","name":"Kr\u00e4mer Druck \u2013\u00a0Etikettendruckerei an der Mosel","alternateName":"Kr\u00e4mer Druck GmbH","url":"https:\/\/www.kraemer-druck.de\/","logo":{"@type":"ImageObject","inLanguage":"en-GB","@id":"https:\/\/www.kraemer-druck.de\/#\/schema\/logo\/image\/","url":"https:\/\/www.kraemer-druck.de\/wp-content\/uploads\/2023\/08\/Logo_.png","contentUrl":"https:\/\/www.kraemer-druck.de\/wp-content\/uploads\/2023\/08\/Logo_.png","width":3175,"height":730,"caption":"Kr\u00e4mer Druck \u2013\u00a0Etikettendruckerei an der Mosel"},"image":{"@id":"https:\/\/www.kraemer-druck.de\/#\/schema\/logo\/image\/"},"sameAs":["https:\/\/www.facebook.com\/KraemerDruck","https:\/\/www.instagram.com\/kraemer_druck","https:\/\/www.youtube.com\/@kraemerdruck","https:\/\/www.linkedin.com\/company\/kraemerdruck\/"]},{"@type":"Person","@id":"https:\/\/www.kraemer-druck.de\/#\/schema\/person\/90ab76f26bd85bca3bc5174c45df51f4","name":"kraemerdruck","image":{"@type":"ImageObject","inLanguage":"en-GB","@id":"https:\/\/secure.gravatar.com\/avatar\/995633c2ffc8bd6ce4d9bf2d84e02ad808c5b16d146b0e3c48f20f833fd24c35?s=96&d=mm&r=g","url":"https:\/\/secure.gravatar.com\/avatar\/995633c2ffc8bd6ce4d9bf2d84e02ad808c5b16d146b0e3c48f20f833fd24c35?s=96&d=mm&r=g","contentUrl":"https:\/\/secure.gravatar.com\/avatar\/995633c2ffc8bd6ce4d9bf2d84e02ad808c5b16d146b0e3c48f20f833fd24c35?s=96&d=mm&r=g","caption":"kraemerdruck"},"sameAs":["https:\/\/www.kraemer-druck.de"]}]}},"_links":{"self":[{"href":"https:\/\/www.kraemer-druck.de\/en\/wp-json\/wp\/v2\/posts\/7907","targetHints":{"allow":["GET"]}}],"collection":[{"href":"https:\/\/www.kraemer-druck.de\/en\/wp-json\/wp\/v2\/posts"}],"about":[{"href":"https:\/\/www.kraemer-druck.de\/en\/wp-json\/wp\/v2\/types\/post"}],"author":[{"embeddable":true,"href":"https:\/\/www.kraemer-druck.de\/en\/wp-json\/wp\/v2\/users\/1"}],"replies":[{"embeddable":true,"href":"https:\/\/www.kraemer-druck.de\/en\/wp-json\/wp\/v2\/comments?post=7907"}],"version-history":[{"count":9,"href":"https:\/\/www.kraemer-druck.de\/en\/wp-json\/wp\/v2\/posts\/7907\/revisions"}],"predecessor-version":[{"id":7926,"href":"https:\/\/www.kraemer-druck.de\/en\/wp-json\/wp\/v2\/posts\/7907\/revisions\/7926"}],"wp:featuredmedia":[{"embeddable":true,"href":"https:\/\/www.kraemer-druck.de\/en\/wp-json\/wp\/v2\/media\/7917"}],"wp:attachment":[{"href":"https:\/\/www.kraemer-druck.de\/en\/wp-json\/wp\/v2\/media?parent=7907"}],"wp:term":[{"taxonomy":"category","embeddable":true,"href":"https:\/\/www.kraemer-druck.de\/en\/wp-json\/wp\/v2\/categories?post=7907"},{"taxonomy":"post_tag","embeddable":true,"href":"https:\/\/www.kraemer-druck.de\/en\/wp-json\/wp\/v2\/tags?post=7907"}],"curies":[{"name":"wp","href":"https:\/\/api.w.org\/{rel}","templated":true}]}}