{"id":4372,"date":"2023-01-15T13:21:13","date_gmt":"2023-01-15T12:21:13","guid":{"rendered":"https:\/\/entwicklung.kraemer-druck.de\/?p=4372"},"modified":"2025-12-11T16:33:12","modified_gmt":"2025-12-11T15:33:12","slug":"ehrung-fuer-langjaehrige-mitarbeitende","status":"publish","type":"post","link":"https:\/\/www.kraemer-druck.de\/en\/ehrung-fuer-langjaehrige-mitarbeitende\/","title":{"rendered":"Honouring long-standing employees"},"content":{"rendered":"<div data-elementor-type=\"wp-post\" data-elementor-id=\"4372\" class=\"elementor elementor-4372\" data-elementor-post-type=\"post\">\n\t\t\t\t<div class=\"elementor-element elementor-element-30cd385 e-flex e-con-boxed e-con e-parent\" data-id=\"30cd385\" data-element_type=\"container\" data-e-type=\"container\" id=\"header\">\n\t\t\t\t\t<div class=\"e-con-inner\">\n\t\t\t\t<div class=\"elementor-element elementor-element-53525c3 elementor-widget elementor-widget-image\" data-id=\"53525c3\" data-element_type=\"widget\" data-e-type=\"widget\" data-widget_type=\"image.default\">\n\t\t\t\t<div class=\"elementor-widget-container\">\n\t\t\t\t\t\t\t\t\t\t\t\t\t\t\t<img fetchpriority=\"high\" decoding=\"async\" width=\"800\" height=\"450\" src=\"https:\/\/www.kraemer-druck.de\/wp-content\/uploads\/2024\/07\/Jubilaeum_2022_-1024x576.webp\" class=\"attachment-large size-large wp-image-4374 not-transparent\" alt=\"Wir gratulieren unseren Jubilaren\" srcset=\"https:\/\/www.kraemer-druck.de\/wp-content\/uploads\/2024\/07\/Jubilaeum_2022_-1024x576.webp 1024w, https:\/\/www.kraemer-druck.de\/wp-content\/uploads\/2024\/07\/Jubilaeum_2022_-300x169.webp 300w, https:\/\/www.kraemer-druck.de\/wp-content\/uploads\/2024\/07\/Jubilaeum_2022_-768x432.webp 768w, https:\/\/www.kraemer-druck.de\/wp-content\/uploads\/2024\/07\/Jubilaeum_2022_-1536x864.webp 1536w, https:\/\/www.kraemer-druck.de\/wp-content\/uploads\/2024\/07\/Jubilaeum_2022_-jpg.webp 1920w\" sizes=\"(max-width: 800px) 100vw, 800px\" data-has-transparency=\"false\" data-dominant-color=\"83767b\" style=\"--dominant-color: #83767b\" \/>\t\t\t\t\t\t\t\t\t\t\t\t\t\t\t<\/div>\n\t\t\t\t<\/div>\n\t\t\t\t\t<\/div>\n\t\t\t\t<\/div>\n\t\t<div class=\"elementor-element elementor-element-187c5a3 e-flex e-con-boxed e-con e-parent\" data-id=\"187c5a3\" data-element_type=\"container\" data-e-type=\"container\">\n\t\t\t\t\t<div class=\"e-con-inner\">\n\t\t\t\t<div class=\"elementor-element elementor-element-3e7b6f4 elementor-widget elementor-widget-heading\" data-id=\"3e7b6f4\" data-element_type=\"widget\" data-e-type=\"widget\" data-widget_type=\"heading.default\">\n\t\t\t\t<div class=\"elementor-widget-container\">\n\t\t\t\t\t<h1 class=\"elementor-heading-title elementor-size-default\">Honouring long-standing employees<\/h1>\t\t\t\t<\/div>\n\t\t\t\t<\/div>\n\t\t\t\t<div class=\"elementor-element elementor-element-ba38d13 elementor-align-left elementor-widget elementor-widget-post-info\" data-id=\"ba38d13\" data-element_type=\"widget\" data-e-type=\"widget\" data-widget_type=\"post-info.default\">\n\t\t\t\t<div class=\"elementor-widget-container\">\n\t\t\t\t\t\t\t<ul class=\"elementor-inline-items elementor-icon-list-items elementor-post-info\">\n\t\t\t\t\t\t\t\t<li class=\"elementor-icon-list-item elementor-repeater-item-2595ec3 elementor-inline-item\" itemprop=\"datePublished\">\n\t\t\t\t\t\t\t\t\t\t\t\t\t<span class=\"elementor-icon-list-text elementor-post-info__item elementor-post-info__item--type-date\">\n\t\t\t\t\t\t\t\t\t\t<time>15. January 2023<\/time>\t\t\t\t\t<\/span>\n\t\t\t\t\t\t\t\t<\/li>\n\t\t\t\t<li class=\"elementor-icon-list-item elementor-repeater-item-1c41e4e elementor-inline-item\" itemprop=\"about\">\n\t\t\t\t\t\t\t\t\t\t\t\t\t<span class=\"elementor-icon-list-text elementor-post-info__item elementor-post-info__item--type-terms\">\n\t\t\t\t\t\t\t<span class=\"elementor-post-info__item-prefix\">Category<\/span>\n\t\t\t\t\t\t\t\t\t\t<span class=\"elementor-post-info__terms-list\">\n\t\t\t\t<a href=\"https:\/\/www.kraemer-druck.de\/en\/category\/teamkd\/\" class=\"elementor-post-info__terms-list-item\">#teamkd<\/a>\t\t\t\t<\/span>\n\t\t\t\t\t<\/span>\n\t\t\t\t\t\t\t\t<\/li>\n\t\t\t\t<\/ul>\n\t\t\t\t\t\t<\/div>\n\t\t\t\t<\/div>\n\t\t\t\t<div class=\"elementor-element elementor-element-99a70c3 elementor-widget elementor-widget-text-editor\" data-id=\"99a70c3\" data-element_type=\"widget\" data-e-type=\"widget\" data-widget_type=\"text-editor.default\">\n\t\t\t\t<div class=\"elementor-widget-container\">\n\t\t\t\t\t\t\t\t\t<p>Normally, we celebrate our anniversaries every year, i.e. employees who have been part of our team for 10, 15, 20 or more years. Unfortunately, due to coronavirus, this celebration has not taken place in recent years. We have now made up for this and thanked 57 colleagues for their loyalty in a small ceremony.<\/p><p>57 honours - that means 57 success stories, all of which have contributed to Kr\u00e4mer Druck becoming one of the leading printers of high-quality labels for the wine, sparkling wine and spirits industry.<\/p><p><strong> We celebrate<\/strong><br \/>\ud83c\udfc5 31x 10 years <br \/>\ud83c\udfc5 9x 15 years<br \/>\ud83c\udfc5 11x 20 years<br \/>\ud83c\udfc5 3x 25 years<br \/>\ud83c\udfc5 2x 30 years<br \/>\ud83c\udfc5 1x 40 years<\/p><p><strong>We look forward to many more years together. Congratulations on this well-deserved honour! <\/strong><\/p>\t\t\t\t\t\t\t\t<\/div>\n\t\t\t\t<\/div>\n\t\t\t\t\t<\/div>\n\t\t\t\t<\/div>\n\t\t<div class=\"elementor-element elementor-element-1a319da e-flex e-con-boxed e-con e-parent\" data-id=\"1a319da\" data-element_type=\"container\" data-e-type=\"container\">\n\t\t\t\t\t<div class=\"e-con-inner\">\n\t\t\t\t<div class=\"elementor-element elementor-element-06a6689 elementor-widget elementor-widget-gallery\" data-id=\"06a6689\" data-element_type=\"widget\" data-e-type=\"widget\" data-settings=\"{&quot;gallery_layout&quot;:&quot;justified&quot;,&quot;lazyload&quot;:&quot;yes&quot;,&quot;ideal_row_height&quot;:{&quot;unit&quot;:&quot;px&quot;,&quot;size&quot;:200,&quot;sizes&quot;:[]},&quot;ideal_row_height_tablet&quot;:{&quot;unit&quot;:&quot;px&quot;,&quot;size&quot;:150,&quot;sizes&quot;:[]},&quot;ideal_row_height_mobile&quot;:{&quot;unit&quot;:&quot;px&quot;,&quot;size&quot;:150,&quot;sizes&quot;:[]},&quot;gap&quot;:{&quot;unit&quot;:&quot;px&quot;,&quot;size&quot;:10,&quot;sizes&quot;:[]},&quot;gap_tablet&quot;:{&quot;unit&quot;:&quot;px&quot;,&quot;size&quot;:10,&quot;sizes&quot;:[]},&quot;gap_mobile&quot;:{&quot;unit&quot;:&quot;px&quot;,&quot;size&quot;:10,&quot;sizes&quot;:[]},&quot;link_to&quot;:&quot;file&quot;,&quot;overlay_background&quot;:&quot;yes&quot;,&quot;content_hover_animation&quot;:&quot;fade-in&quot;}\" data-widget_type=\"gallery.default\">\n\t\t\t\t<div class=\"elementor-widget-container\">\n\t\t\t\t\t\t\t<div class=\"elementor-gallery__container\">\n\t\t\t\t\t\t\t<a class=\"e-gallery-item elementor-gallery-item elementor-animated-content\" href=\"https:\/\/www.kraemer-druck.de\/wp-content\/uploads\/2024\/07\/2023-01-11-Kraemer-Druck-Jubilaeum_Mitarbeiter-8201-jpg.webp\" data-elementor-open-lightbox=\"yes\" data-elementor-lightbox-slideshow=\"06a6689\" data-e-action-hash=\"#elementor-action%3Aaction%3Dlightbox%26settings%3DeyJpZCI6NDM3NywidXJsIjoiaHR0cHM6XC9cL3d3dy5rcmFlbWVyLWRydWNrLmRlXC93cC1jb250ZW50XC91cGxvYWRzXC8yMDI0XC8wN1wvMjAyMy0wMS0xMS1LcmFlbWVyLURydWNrLUp1YmlsYWV1bV9NaXRhcmJlaXRlci04MjAxLWpwZy53ZWJwIiwic2xpZGVzaG93IjoiMDZhNjY4OSJ9\">\n\t\t\t\t\t<div class=\"e-gallery-image elementor-gallery-item__image\" data-thumbnail=\"https:\/\/www.kraemer-druck.de\/wp-content\/uploads\/2024\/07\/2023-01-11-Kraemer-Druck-Jubilaeum_Mitarbeiter-8201-300x240.webp\" data-width=\"300\" data-height=\"240\" aria-label=\"Mitarbeiterjubil\u00e4um beim Kr\u00e4mer Druck\" role=\"img\" ><\/div>\n\t\t\t\t\t\t\t\t\t\t\t<div class=\"elementor-gallery-item__overlay\"><\/div>\n\t\t\t\t\t\t\t\t\t\t\t\t\t\t<\/a>\n\t\t\t\t\t\t\t<a class=\"e-gallery-item elementor-gallery-item elementor-animated-content\" href=\"https:\/\/www.kraemer-druck.de\/wp-content\/uploads\/2024\/07\/2023-01-11-Kraemer-Druck-Jubilaeum_Mitarbeiter-8219-jpg.webp\" data-elementor-open-lightbox=\"yes\" data-elementor-lightbox-slideshow=\"06a6689\" data-e-action-hash=\"#elementor-action%3Aaction%3Dlightbox%26settings%3DeyJpZCI6NDM3NiwidXJsIjoiaHR0cHM6XC9cL3d3dy5rcmFlbWVyLWRydWNrLmRlXC93cC1jb250ZW50XC91cGxvYWRzXC8yMDI0XC8wN1wvMjAyMy0wMS0xMS1LcmFlbWVyLURydWNrLUp1YmlsYWV1bV9NaXRhcmJlaXRlci04MjE5LWpwZy53ZWJwIiwic2xpZGVzaG93IjoiMDZhNjY4OSJ9\">\n\t\t\t\t\t<div class=\"e-gallery-image elementor-gallery-item__image\" data-thumbnail=\"https:\/\/www.kraemer-druck.de\/wp-content\/uploads\/2024\/07\/2023-01-11-Kraemer-Druck-Jubilaeum_Mitarbeiter-8219-300x200.webp\" data-width=\"300\" data-height=\"200\" aria-label=\"Wir gratulieren zum Mitarbeiterjubil\u00e4um\" role=\"img\" ><\/div>\n\t\t\t\t\t\t\t\t\t\t\t<div class=\"elementor-gallery-item__overlay\"><\/div>\n\t\t\t\t\t\t\t\t\t\t\t\t\t\t<\/a>\n\t\t\t\t\t\t\t<a class=\"e-gallery-item elementor-gallery-item elementor-animated-content\" href=\"https:\/\/www.kraemer-druck.de\/wp-content\/uploads\/2024\/07\/2023-01-11-Kraemer-Druck-Jubilaeum_Mitarbeiter-8196-jpg.webp\" data-elementor-open-lightbox=\"yes\" data-elementor-lightbox-slideshow=\"06a6689\" data-e-action-hash=\"#elementor-action%3Aaction%3Dlightbox%26settings%3DeyJpZCI6NDM3MywidXJsIjoiaHR0cHM6XC9cL3d3dy5rcmFlbWVyLWRydWNrLmRlXC93cC1jb250ZW50XC91cGxvYWRzXC8yMDI0XC8wN1wvMjAyMy0wMS0xMS1LcmFlbWVyLURydWNrLUp1YmlsYWV1bV9NaXRhcmJlaXRlci04MTk2LWpwZy53ZWJwIiwic2xpZGVzaG93IjoiMDZhNjY4OSJ9\">\n\t\t\t\t\t<div class=\"e-gallery-image elementor-gallery-item__image\" data-thumbnail=\"https:\/\/www.kraemer-druck.de\/wp-content\/uploads\/2024\/07\/2023-01-11-Kraemer-Druck-Jubilaeum_Mitarbeiter-8196-300x208.webp\" data-width=\"300\" data-height=\"208\" aria-label=\"Vielen Dank f\u00fcr die Treue zum MItarbeiterjubil\u00e4um\" role=\"img\" ><\/div>\n\t\t\t\t\t\t\t\t\t\t\t<div class=\"elementor-gallery-item__overlay\"><\/div>\n\t\t\t\t\t\t\t\t\t\t\t\t\t\t<\/a>\n\t\t\t\t\t\t\t<a class=\"e-gallery-item elementor-gallery-item elementor-animated-content\" href=\"https:\/\/www.kraemer-druck.de\/wp-content\/uploads\/2024\/07\/2023-01-11-Kraemer-Druck-Jubilaeum_Mitarbeiter-8210-jpg.webp\" data-elementor-open-lightbox=\"yes\" data-elementor-lightbox-slideshow=\"06a6689\" data-e-action-hash=\"#elementor-action%3Aaction%3Dlightbox%26settings%3DeyJpZCI6NDM3NSwidXJsIjoiaHR0cHM6XC9cL3d3dy5rcmFlbWVyLWRydWNrLmRlXC93cC1jb250ZW50XC91cGxvYWRzXC8yMDI0XC8wN1wvMjAyMy0wMS0xMS1LcmFlbWVyLURydWNrLUp1YmlsYWV1bV9NaXRhcmJlaXRlci04MjEwLWpwZy53ZWJwIiwic2xpZGVzaG93IjoiMDZhNjY4OSJ9\">\n\t\t\t\t\t<div class=\"e-gallery-image elementor-gallery-item__image\" data-thumbnail=\"https:\/\/www.kraemer-druck.de\/wp-content\/uploads\/2024\/07\/2023-01-11-Kraemer-Druck-Jubilaeum_Mitarbeiter-8210-300x176.webp\" data-width=\"300\" data-height=\"176\" aria-label=\"Gratulation an unsere Jubilare\" role=\"img\" ><\/div>\n\t\t\t\t\t\t\t\t\t\t\t<div class=\"elementor-gallery-item__overlay\"><\/div>\n\t\t\t\t\t\t\t\t\t\t\t\t\t\t<\/a>\n\t\t\t\t\t<\/div>\n\t\t\t\t\t<\/div>\n\t\t\t\t<\/div>\n\t\t\t\t\t<\/div>\n\t\t\t\t<\/div>\n\t\t<div class=\"elementor-element elementor-element-aae6cad e-flex e-con-boxed e-con e-parent\" data-id=\"aae6cad\" data-element_type=\"container\" data-e-type=\"container\" data-settings=\"{&quot;background_background&quot;:&quot;classic&quot;}\">\n\t\t\t\t\t<div class=\"e-con-inner\">\n\t\t<div class=\"elementor-element elementor-element-dee37b5 e-con-full e-flex e-con e-child\" data-id=\"dee37b5\" data-element_type=\"container\" data-e-type=\"container\">\n\t\t\t\t<div class=\"elementor-element elementor-element-141126c elementor-widget elementor-widget-text-editor\" data-id=\"141126c\" data-element_type=\"widget\" data-e-type=\"widget\" data-widget_type=\"text-editor.default\">\n\t\t\t\t<div class=\"elementor-widget-container\">\n\t\t\t\t\t\t\t\t\t<p><strong>Share this post:<\/strong><\/p>\t\t\t\t\t\t\t\t<\/div>\n\t\t\t\t<\/div>\n\t\t\t\t<div class=\"elementor-element elementor-element-45c7251 elementor-share-buttons--skin-minimal elementor-share-buttons--shape-circle elementor-share-buttons--color-custom elementor-share-buttons--view-icon-text elementor-grid-0 elementor-widget elementor-widget-share-buttons\" data-id=\"45c7251\" data-element_type=\"widget\" data-e-type=\"widget\" data-widget_type=\"share-buttons.default\">\n\t\t\t\t<div class=\"elementor-widget-container\">\n\t\t\t\t\t\t\t<div class=\"elementor-grid\" role=\"list\">\n\t\t\t\t\t\t\t\t<div class=\"elementor-grid-item\" role=\"listitem\">\n\t\t\t\t\t\t<div class=\"elementor-share-btn elementor-share-btn_facebook\" role=\"button\" tabindex=\"0\" aria-label=\"Share on facebook\">\n\t\t\t\t\t\t\t\t\t\t\t\t\t\t\t<span class=\"elementor-share-btn__icon\">\n\t\t\t\t\t\t\t\t<svg aria-hidden=\"true\" class=\"e-font-icon-svg e-fab-facebook\" viewbox=\"0 0 512 512\" xmlns=\"http:\/\/www.w3.org\/2000\/svg\"><path d=\"M504 256C504 119 393 8 256 8S8 119 8 256c0 123.78 90.69 226.38 209.25 245V327.69h-63V256h63v-54.64c0-62.15 37-96.48 93.67-96.48 27.14 0 55.52 4.84 55.52 4.84v61h-31.28c-30.8 0-40.41 19.12-40.41 38.73V256h68.78l-11 71.69h-57.78V501C413.31 482.38 504 379.78 504 256z\"><\/path><\/svg>\t\t\t\t\t\t\t<\/span>\n\t\t\t\t\t\t\t\t\t\t\t\t\t\t\t\t\t\t\t\t<\/div>\n\t\t\t\t\t<\/div>\n\t\t\t\t\t\t\t\t\t<div class=\"elementor-grid-item\" role=\"listitem\">\n\t\t\t\t\t\t<div class=\"elementor-share-btn elementor-share-btn_linkedin\" role=\"button\" tabindex=\"0\" aria-label=\"Share on linkedin\">\n\t\t\t\t\t\t\t\t\t\t\t\t\t\t\t<span class=\"elementor-share-btn__icon\">\n\t\t\t\t\t\t\t\t<svg aria-hidden=\"true\" class=\"e-font-icon-svg e-fab-linkedin\" viewbox=\"0 0 448 512\" xmlns=\"http:\/\/www.w3.org\/2000\/svg\"><path d=\"M416 32H31.9C14.3 32 0 46.5 0 64.3v383.4C0 465.5 14.3 480 31.9 480H416c17.6 0 32-14.5 32-32.3V64.3c0-17.8-14.4-32.3-32-32.3zM135.4 416H69V202.2h66.5V416zm-33.2-243c-21.3 0-38.5-17.3-38.5-38.5S80.9 96 102.2 96c21.2 0 38.5 17.3 38.5 38.5 0 21.3-17.2 38.5-38.5 38.5zm282.1 243h-66.4V312c0-24.8-.5-56.7-34.5-56.7-34.6 0-39.9 27-39.9 54.9V416h-66.4V202.2h63.7v29.2h.9c8.9-16.8 30.6-34.5 62.9-34.5 67.2 0 79.7 44.3 79.7 101.9V416z\"><\/path><\/svg>\t\t\t\t\t\t\t<\/span>\n\t\t\t\t\t\t\t\t\t\t\t\t\t\t\t\t\t\t\t\t<\/div>\n\t\t\t\t\t<\/div>\n\t\t\t\t\t\t\t\t\t<div class=\"elementor-grid-item\" role=\"listitem\">\n\t\t\t\t\t\t<div class=\"elementor-share-btn elementor-share-btn_whatsapp\" role=\"button\" tabindex=\"0\" aria-label=\"Share on whatsapp\">\n\t\t\t\t\t\t\t\t\t\t\t\t\t\t\t<span class=\"elementor-share-btn__icon\">\n\t\t\t\t\t\t\t\t<svg aria-hidden=\"true\" class=\"e-font-icon-svg e-fab-whatsapp\" viewbox=\"0 0 448 512\" xmlns=\"http:\/\/www.w3.org\/2000\/svg\"><path d=\"M380.9 97.1C339 55.1 283.2 32 223.9 32c-122.4 0-222 99.6-222 222 0 39.1 10.2 77.3 29.6 111L0 480l117.7-30.9c32.4 17.7 68.9 27 106.1 27h.1c122.3 0 224.1-99.6 224.1-222 0-59.3-25.2-115-67.1-157zm-157 341.6c-33.2 0-65.7-8.9-94-25.7l-6.7-4-69.8 18.3L72 359.2l-4.4-7c-18.5-29.4-28.2-63.3-28.2-98.2 0-101.7 82.8-184.5 184.6-184.5 49.3 0 95.6 19.2 130.4 54.1 34.8 34.9 56.2 81.2 56.1 130.5 0 101.8-84.9 184.6-186.6 184.6zm101.2-138.2c-5.5-2.8-32.8-16.2-37.9-18-5.1-1.9-8.8-2.8-12.5 2.8-3.7 5.6-14.3 18-17.6 21.8-3.2 3.7-6.5 4.2-12 1.4-32.6-16.3-54-29.1-75.5-66-5.7-9.8 5.7-9.1 16.3-30.3 1.8-3.7.9-6.9-.5-9.7-1.4-2.8-12.5-30.1-17.1-41.2-4.5-10.8-9.1-9.3-12.5-9.5-3.2-.2-6.9-.2-10.6-.2-3.7 0-9.7 1.4-14.8 6.9-5.1 5.6-19.4 19-19.4 46.3 0 27.3 19.9 53.7 22.6 57.4 2.8 3.7 39.1 59.7 94.8 83.8 35.2 15.2 49 16.5 66.6 13.9 10.7-1.6 32.8-13.4 37.4-26.4 4.6-13 4.6-24.1 3.2-26.4-1.3-2.5-5-3.9-10.5-6.6z\"><\/path><\/svg>\t\t\t\t\t\t\t<\/span>\n\t\t\t\t\t\t\t\t\t\t\t\t\t\t\t\t\t\t\t\t<\/div>\n\t\t\t\t\t<\/div>\n\t\t\t\t\t\t<\/div>\n\t\t\t\t\t\t<\/div>\n\t\t\t\t<\/div>\n\t\t\t\t<\/div>\n\t\t\t\t\t<\/div>\n\t\t\t\t<\/div>\n\t\t<div class=\"elementor-element elementor-element-c572b1a e-flex e-con-boxed e-con e-parent\" data-id=\"c572b1a\" data-element_type=\"container\" data-e-type=\"container\" data-settings=\"{&quot;background_background&quot;:&quot;classic&quot;}\">\n\t\t\t\t\t<div class=\"e-con-inner\">\n\t\t\t\t<div class=\"elementor-element elementor-element-97e2f80 elementor-widget-divider--view-line elementor-widget elementor-widget-divider\" data-id=\"97e2f80\" data-element_type=\"widget\" data-e-type=\"widget\" data-widget_type=\"divider.default\">\n\t\t\t\t<div class=\"elementor-widget-container\">\n\t\t\t\t\t\t\t<div class=\"elementor-divider\">\n\t\t\t<span class=\"elementor-divider-separator\">\n\t\t\t\t\t\t<\/span>\n\t\t<\/div>\n\t\t\t\t\t\t<\/div>\n\t\t\t\t<\/div>\n\t\t\t\t<div class=\"elementor-element elementor-element-34e790c elementor-widget elementor-widget-post-navigation\" data-id=\"34e790c\" data-element_type=\"widget\" data-e-type=\"widget\" data-widget_type=\"post-navigation.default\">\n\t\t\t\t<div class=\"elementor-widget-container\">\n\t\t\t\t\t\t\t<div class=\"elementor-post-navigation\" role=\"navigation\" aria-label=\"Post Navigation\">\n\t\t\t<div class=\"elementor-post-navigation__prev elementor-post-navigation__link\">\n\t\t\t\t<a href=\"https:\/\/www.kraemer-druck.de\/en\/mitarbeiterjubilaeum-50-jahre-leidenschaft-fuer-den-druck\/\" rel=\"prev\"><span class=\"post-navigation__arrow-wrapper post-navigation__arrow-prev\"><svg aria-hidden=\"true\" class=\"e-font-icon-svg e-fas-angle-left\" viewbox=\"0 0 256 512\" xmlns=\"http:\/\/www.w3.org\/2000\/svg\"><path d=\"M31.7 239l136-136c9.4-9.4 24.6-9.4 33.9 0l22.6 22.6c9.4 9.4 9.4 24.6 0 33.9L127.9 256l96.4 96.4c9.4 9.4 9.4 24.6 0 33.9L201.7 409c-9.4 9.4-24.6 9.4-33.9 0l-136-136c-9.5-9.4-9.5-24.6-.1-34z\"><\/path><\/svg><span class=\"elementor-screen-only\">Prev<\/span><\/span><span class=\"elementor-post-navigation__link__prev\"><span class=\"post-navigation__prev--label\">Previous post<\/span><span class=\"post-navigation__prev--title\">Employee anniversary - 50 years of passion for printing<\/span><\/span><\/a>\t\t\t<\/div>\n\t\t\t\t\t\t<div class=\"elementor-post-navigation__next elementor-post-navigation__link\">\n\t\t\t\t<a href=\"https:\/\/www.kraemer-druck.de\/en\/kraemer-druck-gewinnt-nachhaltigkeitspreis-rheinhessen\/\" rel=\"next\"><span class=\"elementor-post-navigation__link__next\"><span class=\"post-navigation__next--label\">Next post<\/span><span class=\"post-navigation__next--title\">Kr\u00e4mer Druck wins the Rheinhessen Sustainability Award<\/span><\/span><span class=\"post-navigation__arrow-wrapper post-navigation__arrow-next\"><svg aria-hidden=\"true\" class=\"e-font-icon-svg e-fas-angle-right\" viewbox=\"0 0 256 512\" xmlns=\"http:\/\/www.w3.org\/2000\/svg\"><path d=\"M224.3 273l-136 136c-9.4 9.4-24.6 9.4-33.9 0l-22.6-22.6c-9.4-9.4-9.4-24.6 0-33.9l96.4-96.4-96.4-96.4c-9.4-9.4-9.4-24.6 0-33.9L54.3 103c9.4-9.4 24.6-9.4 33.9 0l136 136c9.5 9.4 9.5 24.6.1 34z\"><\/path><\/svg><span class=\"elementor-screen-only\">Next<\/span><\/span><\/a>\t\t\t<\/div>\n\t\t<\/div>\n\t\t\t\t\t\t<\/div>\n\t\t\t\t<\/div>\n\t\t\t\t\t<\/div>\n\t\t\t\t<\/div>\n\t\t\t\t<\/div>","protected":false},"excerpt":{"rendered":"<p>Normally, we celebrate our anniversaries every year, i.e. employees who have been part of our team for 10, 15 or more years. Due to corona, this celebration has not taken place in recent years. We have now made up for this and honoured 57 colleagues.<\/p>","protected":false},"author":1,"featured_media":4377,"comment_status":"closed","ping_status":"open","sticky":false,"template":"","format":"standard","meta":{"footnotes":""},"categories":[18],"tags":[],"class_list":["post-4372","post","type-post","status-publish","format-standard","has-post-thumbnail","hentry","category-teamkd"],"yoast_head":"<!-- This site is optimized with the Yoast SEO plugin v28.3 - https:\/\/yoast.com\/product\/yoast-seo-wordpress\/ -->\n<title>Ehrung f\u00fcr langj\u00e4hrige Mitarbeitende | Kr\u00e4mer Druck \u2013\u00a0Etikettendruckerei an der Mosel<\/title>\n<meta name=\"description\" content=\"Wir duften uns bei 57 unserer langj\u00e4hrigen Mitarbeitenden bedanken und sie in einer kleinen Feierstunde f\u00fcr ihre Treue ehren.\" \/>\n<meta name=\"robots\" content=\"index, follow, max-snippet:-1, max-image-preview:large, max-video-preview:-1\" \/>\n<link rel=\"canonical\" href=\"https:\/\/www.kraemer-druck.de\/en\/ehrung-fuer-langjaehrige-mitarbeitende\/\" \/>\n<meta property=\"og:locale\" content=\"en_GB\" \/>\n<meta property=\"og:type\" content=\"article\" \/>\n<meta property=\"og:title\" content=\"Ehrung f\u00fcr langj\u00e4hrige Mitarbeitende | Kr\u00e4mer Druck \u2013\u00a0Etikettendruckerei an der Mosel\" \/>\n<meta property=\"og:description\" content=\"Wir duften uns bei 57 unserer langj\u00e4hrigen Mitarbeitenden bedanken und sie in einer kleinen Feierstunde f\u00fcr ihre Treue ehren.\" \/>\n<meta property=\"og:url\" content=\"https:\/\/www.kraemer-druck.de\/en\/ehrung-fuer-langjaehrige-mitarbeitende\/\" \/>\n<meta property=\"og:site_name\" content=\"Kr\u00e4mer Druck \u2013\u00a0Etikettendruckerei an der Mosel\" \/>\n<meta property=\"article:publisher\" content=\"https:\/\/www.facebook.com\/KraemerDruck\" \/>\n<meta property=\"article:published_time\" content=\"2023-01-15T12:21:13+00:00\" \/>\n<meta property=\"article:modified_time\" content=\"2025-12-11T15:33:12+00:00\" \/>\n<meta property=\"og:image\" content=\"https:\/\/www.kraemer-druck.de\/wp-content\/uploads\/2024\/07\/2023-01-11-Kraemer-Druck-Jubilaeum_Mitarbeiter-8201-jpg.webp\" \/>\n\t<meta property=\"og:image:width\" content=\"767\" \/>\n\t<meta property=\"og:image:height\" content=\"614\" \/>\n\t<meta property=\"og:image:type\" content=\"image\/jpeg\" \/>\n<meta name=\"author\" content=\"kraemerdruck\" \/>\n<meta name=\"twitter:card\" content=\"summary_large_image\" \/>\n<meta name=\"twitter:label1\" content=\"Written by\" \/>\n\t<meta name=\"twitter:data1\" content=\"kraemerdruck\" \/>\n\t<meta name=\"twitter:label2\" content=\"Estimated reading time\" \/>\n\t<meta name=\"twitter:data2\" content=\"2 minutes\" \/>\n<script type=\"application\/ld+json\" class=\"yoast-schema-graph\">{\"@context\":\"https:\\\/\\\/schema.org\",\"@graph\":[{\"@type\":\"Article\",\"@id\":\"https:\\\/\\\/www.kraemer-druck.de\\\/ehrung-fuer-langjaehrige-mitarbeitende\\\/#article\",\"isPartOf\":{\"@id\":\"https:\\\/\\\/www.kraemer-druck.de\\\/ehrung-fuer-langjaehrige-mitarbeitende\\\/\"},\"author\":{\"name\":\"kraemerdruck\",\"@id\":\"https:\\\/\\\/www.kraemer-druck.de\\\/#\\\/schema\\\/person\\\/90ab76f26bd85bca3bc5174c45df51f4\"},\"headline\":\"Ehrung f\u00fcr langj\u00e4hrige Mitarbeitende\",\"datePublished\":\"2023-01-15T12:21:13+00:00\",\"dateModified\":\"2025-12-11T15:33:12+00:00\",\"mainEntityOfPage\":{\"@id\":\"https:\\\/\\\/www.kraemer-druck.de\\\/ehrung-fuer-langjaehrige-mitarbeitende\\\/\"},\"wordCount\":123,\"publisher\":{\"@id\":\"https:\\\/\\\/www.kraemer-druck.de\\\/#organization\"},\"image\":{\"@id\":\"https:\\\/\\\/www.kraemer-druck.de\\\/ehrung-fuer-langjaehrige-mitarbeitende\\\/#primaryimage\"},\"thumbnailUrl\":\"https:\\\/\\\/www.kraemer-druck.de\\\/wp-content\\\/uploads\\\/2024\\\/07\\\/2023-01-11-Kraemer-Druck-Jubilaeum_Mitarbeiter-8201-jpg.webp\",\"articleSection\":[\"#teamkd\"],\"inLanguage\":\"en-GB\"},{\"@type\":\"WebPage\",\"@id\":\"https:\\\/\\\/www.kraemer-druck.de\\\/ehrung-fuer-langjaehrige-mitarbeitende\\\/\",\"url\":\"https:\\\/\\\/www.kraemer-druck.de\\\/ehrung-fuer-langjaehrige-mitarbeitende\\\/\",\"name\":\"Ehrung f\u00fcr langj\u00e4hrige Mitarbeitende | Kr\u00e4mer Druck \u2013\u00a0Etikettendruckerei an der Mosel\",\"isPartOf\":{\"@id\":\"https:\\\/\\\/www.kraemer-druck.de\\\/#website\"},\"primaryImageOfPage\":{\"@id\":\"https:\\\/\\\/www.kraemer-druck.de\\\/ehrung-fuer-langjaehrige-mitarbeitende\\\/#primaryimage\"},\"image\":{\"@id\":\"https:\\\/\\\/www.kraemer-druck.de\\\/ehrung-fuer-langjaehrige-mitarbeitende\\\/#primaryimage\"},\"thumbnailUrl\":\"https:\\\/\\\/www.kraemer-druck.de\\\/wp-content\\\/uploads\\\/2024\\\/07\\\/2023-01-11-Kraemer-Druck-Jubilaeum_Mitarbeiter-8201-jpg.webp\",\"datePublished\":\"2023-01-15T12:21:13+00:00\",\"dateModified\":\"2025-12-11T15:33:12+00:00\",\"description\":\"Wir duften uns bei 57 unserer langj\u00e4hrigen Mitarbeitenden bedanken und sie in einer kleinen Feierstunde f\u00fcr ihre Treue ehren.\",\"breadcrumb\":{\"@id\":\"https:\\\/\\\/www.kraemer-druck.de\\\/ehrung-fuer-langjaehrige-mitarbeitende\\\/#breadcrumb\"},\"inLanguage\":\"en-GB\",\"potentialAction\":[{\"@type\":\"ReadAction\",\"target\":[\"https:\\\/\\\/www.kraemer-druck.de\\\/ehrung-fuer-langjaehrige-mitarbeitende\\\/\"]}]},{\"@type\":\"ImageObject\",\"inLanguage\":\"en-GB\",\"@id\":\"https:\\\/\\\/www.kraemer-druck.de\\\/ehrung-fuer-langjaehrige-mitarbeitende\\\/#primaryimage\",\"url\":\"https:\\\/\\\/www.kraemer-druck.de\\\/wp-content\\\/uploads\\\/2024\\\/07\\\/2023-01-11-Kraemer-Druck-Jubilaeum_Mitarbeiter-8201-jpg.webp\",\"contentUrl\":\"https:\\\/\\\/www.kraemer-druck.de\\\/wp-content\\\/uploads\\\/2024\\\/07\\\/2023-01-11-Kraemer-Druck-Jubilaeum_Mitarbeiter-8201-jpg.webp\",\"width\":767,\"height\":614,\"caption\":\"Mitarbeiterjubil\u00e4um beim Kr\u00e4mer Druck\"},{\"@type\":\"BreadcrumbList\",\"@id\":\"https:\\\/\\\/www.kraemer-druck.de\\\/ehrung-fuer-langjaehrige-mitarbeitende\\\/#breadcrumb\",\"itemListElement\":[{\"@type\":\"ListItem\",\"position\":1,\"name\":\"Startseite\",\"item\":\"https:\\\/\\\/www.kraemer-druck.de\\\/\"},{\"@type\":\"ListItem\",\"position\":2,\"name\":\"Ehrung f\u00fcr langj\u00e4hrige Mitarbeitende\"}]},{\"@type\":\"WebSite\",\"@id\":\"https:\\\/\\\/www.kraemer-druck.de\\\/#website\",\"url\":\"https:\\\/\\\/www.kraemer-druck.de\\\/\",\"name\":\"Etikettendruckerei Kr\u00e4mer Druck\",\"description\":\"Etiketten f\u00fcr die Wein-, Sekt- und Spirituosenbranche\",\"publisher\":{\"@id\":\"https:\\\/\\\/www.kraemer-druck.de\\\/#organization\"},\"alternateName\":\"Etikettendruckerei\",\"potentialAction\":[{\"@type\":\"SearchAction\",\"target\":{\"@type\":\"EntryPoint\",\"urlTemplate\":\"https:\\\/\\\/www.kraemer-druck.de\\\/?s={search_term_string}\"},\"query-input\":{\"@type\":\"PropertyValueSpecification\",\"valueRequired\":true,\"valueName\":\"search_term_string\"}}],\"inLanguage\":\"en-GB\"},{\"@type\":\"Organization\",\"@id\":\"https:\\\/\\\/www.kraemer-druck.de\\\/#organization\",\"name\":\"Kr\u00e4mer Druck \u2013\u00a0Etikettendruckerei an der Mosel\",\"alternateName\":\"Kr\u00e4mer Druck GmbH\",\"url\":\"https:\\\/\\\/www.kraemer-druck.de\\\/\",\"logo\":{\"@type\":\"ImageObject\",\"inLanguage\":\"en-GB\",\"@id\":\"https:\\\/\\\/www.kraemer-druck.de\\\/#\\\/schema\\\/logo\\\/image\\\/\",\"url\":\"https:\\\/\\\/www.kraemer-druck.de\\\/wp-content\\\/uploads\\\/2023\\\/08\\\/Logo_.png\",\"contentUrl\":\"https:\\\/\\\/www.kraemer-druck.de\\\/wp-content\\\/uploads\\\/2023\\\/08\\\/Logo_.png\",\"width\":3175,\"height\":730,\"caption\":\"Kr\u00e4mer Druck \u2013\u00a0Etikettendruckerei an der Mosel\"},\"image\":{\"@id\":\"https:\\\/\\\/www.kraemer-druck.de\\\/#\\\/schema\\\/logo\\\/image\\\/\"},\"sameAs\":[\"https:\\\/\\\/www.facebook.com\\\/KraemerDruck\",\"https:\\\/\\\/www.instagram.com\\\/kraemer_druck\",\"https:\\\/\\\/www.youtube.com\\\/@kraemerdruck\",\"https:\\\/\\\/www.linkedin.com\\\/company\\\/kraemerdruck\\\/\"]},{\"@type\":\"Person\",\"@id\":\"https:\\\/\\\/www.kraemer-druck.de\\\/#\\\/schema\\\/person\\\/90ab76f26bd85bca3bc5174c45df51f4\",\"name\":\"kraemerdruck\",\"image\":{\"@type\":\"ImageObject\",\"inLanguage\":\"en-GB\",\"@id\":\"https:\\\/\\\/secure.gravatar.com\\\/avatar\\\/995633c2ffc8bd6ce4d9bf2d84e02ad808c5b16d146b0e3c48f20f833fd24c35?s=96&d=mm&r=g\",\"url\":\"https:\\\/\\\/secure.gravatar.com\\\/avatar\\\/995633c2ffc8bd6ce4d9bf2d84e02ad808c5b16d146b0e3c48f20f833fd24c35?s=96&d=mm&r=g\",\"contentUrl\":\"https:\\\/\\\/secure.gravatar.com\\\/avatar\\\/995633c2ffc8bd6ce4d9bf2d84e02ad808c5b16d146b0e3c48f20f833fd24c35?s=96&d=mm&r=g\",\"caption\":\"kraemerdruck\"},\"sameAs\":[\"https:\\\/\\\/www.kraemer-druck.de\"]}]}<\/script>\n<!-- \/ Yoast SEO plugin. -->","yoast_head_json":{"title":"Ehrung f\u00fcr langj\u00e4hrige Mitarbeitende | Kr\u00e4mer Druck \u2013\u00a0Etikettendruckerei an der Mosel","description":"Wir duften uns bei 57 unserer langj\u00e4hrigen Mitarbeitenden bedanken und sie in einer kleinen Feierstunde f\u00fcr ihre Treue ehren.","robots":{"index":"index","follow":"follow","max-snippet":"max-snippet:-1","max-image-preview":"max-image-preview:large","max-video-preview":"max-video-preview:-1"},"canonical":"https:\/\/www.kraemer-druck.de\/en\/ehrung-fuer-langjaehrige-mitarbeitende\/","og_locale":"en_GB","og_type":"article","og_title":"Ehrung f\u00fcr langj\u00e4hrige Mitarbeitende | Kr\u00e4mer Druck \u2013\u00a0Etikettendruckerei an der Mosel","og_description":"Wir duften uns bei 57 unserer langj\u00e4hrigen Mitarbeitenden bedanken und sie in einer kleinen Feierstunde f\u00fcr ihre Treue ehren.","og_url":"https:\/\/www.kraemer-druck.de\/en\/ehrung-fuer-langjaehrige-mitarbeitende\/","og_site_name":"Kr\u00e4mer Druck \u2013\u00a0Etikettendruckerei an der Mosel","article_publisher":"https:\/\/www.facebook.com\/KraemerDruck","article_published_time":"2023-01-15T12:21:13+00:00","article_modified_time":"2025-12-11T15:33:12+00:00","og_image":[{"width":767,"height":614,"url":"https:\/\/www.kraemer-druck.de\/wp-content\/uploads\/2024\/07\/2023-01-11-Kraemer-Druck-Jubilaeum_Mitarbeiter-8201-jpg.webp","type":"image\/jpeg"}],"author":"kraemerdruck","twitter_card":"summary_large_image","twitter_misc":{"Written by":"kraemerdruck","Estimated reading time":"2 minutes"},"schema":{"@context":"https:\/\/schema.org","@graph":[{"@type":"Article","@id":"https:\/\/www.kraemer-druck.de\/ehrung-fuer-langjaehrige-mitarbeitende\/#article","isPartOf":{"@id":"https:\/\/www.kraemer-druck.de\/ehrung-fuer-langjaehrige-mitarbeitende\/"},"author":{"name":"kraemerdruck","@id":"https:\/\/www.kraemer-druck.de\/#\/schema\/person\/90ab76f26bd85bca3bc5174c45df51f4"},"headline":"Ehrung f\u00fcr langj\u00e4hrige Mitarbeitende","datePublished":"2023-01-15T12:21:13+00:00","dateModified":"2025-12-11T15:33:12+00:00","mainEntityOfPage":{"@id":"https:\/\/www.kraemer-druck.de\/ehrung-fuer-langjaehrige-mitarbeitende\/"},"wordCount":123,"publisher":{"@id":"https:\/\/www.kraemer-druck.de\/#organization"},"image":{"@id":"https:\/\/www.kraemer-druck.de\/ehrung-fuer-langjaehrige-mitarbeitende\/#primaryimage"},"thumbnailUrl":"https:\/\/www.kraemer-druck.de\/wp-content\/uploads\/2024\/07\/2023-01-11-Kraemer-Druck-Jubilaeum_Mitarbeiter-8201-jpg.webp","articleSection":["#teamkd"],"inLanguage":"en-GB"},{"@type":"WebPage","@id":"https:\/\/www.kraemer-druck.de\/ehrung-fuer-langjaehrige-mitarbeitende\/","url":"https:\/\/www.kraemer-druck.de\/ehrung-fuer-langjaehrige-mitarbeitende\/","name":"Ehrung f\u00fcr langj\u00e4hrige Mitarbeitende | Kr\u00e4mer Druck \u2013\u00a0Etikettendruckerei an der Mosel","isPartOf":{"@id":"https:\/\/www.kraemer-druck.de\/#website"},"primaryImageOfPage":{"@id":"https:\/\/www.kraemer-druck.de\/ehrung-fuer-langjaehrige-mitarbeitende\/#primaryimage"},"image":{"@id":"https:\/\/www.kraemer-druck.de\/ehrung-fuer-langjaehrige-mitarbeitende\/#primaryimage"},"thumbnailUrl":"https:\/\/www.kraemer-druck.de\/wp-content\/uploads\/2024\/07\/2023-01-11-Kraemer-Druck-Jubilaeum_Mitarbeiter-8201-jpg.webp","datePublished":"2023-01-15T12:21:13+00:00","dateModified":"2025-12-11T15:33:12+00:00","description":"Wir duften uns bei 57 unserer langj\u00e4hrigen Mitarbeitenden bedanken und sie in einer kleinen Feierstunde f\u00fcr ihre Treue ehren.","breadcrumb":{"@id":"https:\/\/www.kraemer-druck.de\/ehrung-fuer-langjaehrige-mitarbeitende\/#breadcrumb"},"inLanguage":"en-GB","potentialAction":[{"@type":"ReadAction","target":["https:\/\/www.kraemer-druck.de\/ehrung-fuer-langjaehrige-mitarbeitende\/"]}]},{"@type":"ImageObject","inLanguage":"en-GB","@id":"https:\/\/www.kraemer-druck.de\/ehrung-fuer-langjaehrige-mitarbeitende\/#primaryimage","url":"https:\/\/www.kraemer-druck.de\/wp-content\/uploads\/2024\/07\/2023-01-11-Kraemer-Druck-Jubilaeum_Mitarbeiter-8201-jpg.webp","contentUrl":"https:\/\/www.kraemer-druck.de\/wp-content\/uploads\/2024\/07\/2023-01-11-Kraemer-Druck-Jubilaeum_Mitarbeiter-8201-jpg.webp","width":767,"height":614,"caption":"Mitarbeiterjubil\u00e4um beim Kr\u00e4mer Druck"},{"@type":"BreadcrumbList","@id":"https:\/\/www.kraemer-druck.de\/ehrung-fuer-langjaehrige-mitarbeitende\/#breadcrumb","itemListElement":[{"@type":"ListItem","position":1,"name":"Startseite","item":"https:\/\/www.kraemer-druck.de\/"},{"@type":"ListItem","position":2,"name":"Ehrung f\u00fcr langj\u00e4hrige Mitarbeitende"}]},{"@type":"WebSite","@id":"https:\/\/www.kraemer-druck.de\/#website","url":"https:\/\/www.kraemer-druck.de\/","name":"Etikettendruckerei Kr\u00e4mer Druck","description":"Etiketten f\u00fcr die Wein-, Sekt- und Spirituosenbranche","publisher":{"@id":"https:\/\/www.kraemer-druck.de\/#organization"},"alternateName":"Etikettendruckerei","potentialAction":[{"@type":"SearchAction","target":{"@type":"EntryPoint","urlTemplate":"https:\/\/www.kraemer-druck.de\/?s={search_term_string}"},"query-input":{"@type":"PropertyValueSpecification","valueRequired":true,"valueName":"search_term_string"}}],"inLanguage":"en-GB"},{"@type":"Organization","@id":"https:\/\/www.kraemer-druck.de\/#organization","name":"Kr\u00e4mer Druck \u2013\u00a0Etikettendruckerei an der Mosel","alternateName":"Kr\u00e4mer Druck GmbH","url":"https:\/\/www.kraemer-druck.de\/","logo":{"@type":"ImageObject","inLanguage":"en-GB","@id":"https:\/\/www.kraemer-druck.de\/#\/schema\/logo\/image\/","url":"https:\/\/www.kraemer-druck.de\/wp-content\/uploads\/2023\/08\/Logo_.png","contentUrl":"https:\/\/www.kraemer-druck.de\/wp-content\/uploads\/2023\/08\/Logo_.png","width":3175,"height":730,"caption":"Kr\u00e4mer Druck \u2013\u00a0Etikettendruckerei an der Mosel"},"image":{"@id":"https:\/\/www.kraemer-druck.de\/#\/schema\/logo\/image\/"},"sameAs":["https:\/\/www.facebook.com\/KraemerDruck","https:\/\/www.instagram.com\/kraemer_druck","https:\/\/www.youtube.com\/@kraemerdruck","https:\/\/www.linkedin.com\/company\/kraemerdruck\/"]},{"@type":"Person","@id":"https:\/\/www.kraemer-druck.de\/#\/schema\/person\/90ab76f26bd85bca3bc5174c45df51f4","name":"kraemerdruck","image":{"@type":"ImageObject","inLanguage":"en-GB","@id":"https:\/\/secure.gravatar.com\/avatar\/995633c2ffc8bd6ce4d9bf2d84e02ad808c5b16d146b0e3c48f20f833fd24c35?s=96&d=mm&r=g","url":"https:\/\/secure.gravatar.com\/avatar\/995633c2ffc8bd6ce4d9bf2d84e02ad808c5b16d146b0e3c48f20f833fd24c35?s=96&d=mm&r=g","contentUrl":"https:\/\/secure.gravatar.com\/avatar\/995633c2ffc8bd6ce4d9bf2d84e02ad808c5b16d146b0e3c48f20f833fd24c35?s=96&d=mm&r=g","caption":"kraemerdruck"},"sameAs":["https:\/\/www.kraemer-druck.de"]}]}},"_links":{"self":[{"href":"https:\/\/www.kraemer-druck.de\/en\/wp-json\/wp\/v2\/posts\/4372","targetHints":{"allow":["GET"]}}],"collection":[{"href":"https:\/\/www.kraemer-druck.de\/en\/wp-json\/wp\/v2\/posts"}],"about":[{"href":"https:\/\/www.kraemer-druck.de\/en\/wp-json\/wp\/v2\/types\/post"}],"author":[{"embeddable":true,"href":"https:\/\/www.kraemer-druck.de\/en\/wp-json\/wp\/v2\/users\/1"}],"replies":[{"embeddable":true,"href":"https:\/\/www.kraemer-druck.de\/en\/wp-json\/wp\/v2\/comments?post=4372"}],"version-history":[{"count":10,"href":"https:\/\/www.kraemer-druck.de\/en\/wp-json\/wp\/v2\/posts\/4372\/revisions"}],"predecessor-version":[{"id":7705,"href":"https:\/\/www.kraemer-druck.de\/en\/wp-json\/wp\/v2\/posts\/4372\/revisions\/7705"}],"wp:featuredmedia":[{"embeddable":true,"href":"https:\/\/www.kraemer-druck.de\/en\/wp-json\/wp\/v2\/media\/4377"}],"wp:attachment":[{"href":"https:\/\/www.kraemer-druck.de\/en\/wp-json\/wp\/v2\/media?parent=4372"}],"wp:term":[{"taxonomy":"category","embeddable":true,"href":"https:\/\/www.kraemer-druck.de\/en\/wp-json\/wp\/v2\/categories?post=4372"},{"taxonomy":"post_tag","embeddable":true,"href":"https:\/\/www.kraemer-druck.de\/en\/wp-json\/wp\/v2\/tags?post=4372"}],"curies":[{"name":"wp","href":"https:\/\/api.w.org\/{rel}","templated":true}]}}