{"id":4279,"date":"2024-07-25T09:32:53","date_gmt":"2024-07-25T07:32:53","guid":{"rendered":"https:\/\/entwicklung.kraemer-druck.de\/?p=4279"},"modified":"2026-08-31T16:28:17","modified_gmt":"2026-08-31T14:28:17","slug":"kraemer-druck-unterstuetzt-regionale-aufforstungsinitiative","status":"publish","type":"post","link":"https:\/\/www.kraemer-druck.de\/en\/kraemer-druck-unterstuetzt-regionale-aufforstungsinitiative\/","title":{"rendered":"We plant trees for the regional forest"},"content":{"rendered":"<div data-elementor-type=\"wp-post\" data-elementor-id=\"4279\" class=\"elementor elementor-4279\" data-elementor-post-type=\"post\">\n\t\t\t\t<div class=\"elementor-element elementor-element-dc308d1 e-flex e-con-boxed e-con e-parent\" data-id=\"dc308d1\" data-element_type=\"container\" data-e-type=\"container\" id=\"header\">\n\t\t\t\t\t<div class=\"e-con-inner\">\n\t\t\t\t<div class=\"elementor-element elementor-element-122dd99 elementor-widget elementor-widget-image\" data-id=\"122dd99\" data-element_type=\"widget\" data-e-type=\"widget\" data-widget_type=\"image.default\">\n\t\t\t\t<div class=\"elementor-widget-container\">\n\t\t\t\t\t\t\t\t\t\t\t\t\t\t\t<img fetchpriority=\"high\" decoding=\"async\" width=\"800\" height=\"534\" src=\"https:\/\/www.kraemer-druck.de\/wp-content\/uploads\/2024\/07\/KraemerDruck-pflanzt_Baeume-1024x683.webp\" class=\"attachment-large size-large wp-image-3732 not-transparent\" alt=\"\" srcset=\"https:\/\/www.kraemer-druck.de\/wp-content\/uploads\/2024\/07\/KraemerDruck-pflanzt_Baeume-1024x683.webp 1024w, https:\/\/www.kraemer-druck.de\/wp-content\/uploads\/2024\/07\/KraemerDruck-pflanzt_Baeume-300x200.webp 300w, https:\/\/www.kraemer-druck.de\/wp-content\/uploads\/2024\/07\/KraemerDruck-pflanzt_Baeume-768x512.webp 768w, https:\/\/www.kraemer-druck.de\/wp-content\/uploads\/2024\/07\/KraemerDruck-pflanzt_Baeume-1536x1024.webp 1536w, https:\/\/www.kraemer-druck.de\/wp-content\/uploads\/2024\/07\/KraemerDruck-pflanzt_Baeume.jpg 1920w\" sizes=\"(max-width: 800px) 100vw, 800px\" data-has-transparency=\"false\" data-dominant-color=\"858261\" style=\"--dominant-color: #858261\" \/>\t\t\t\t\t\t\t\t\t\t\t\t\t\t\t<\/div>\n\t\t\t\t<\/div>\n\t\t\t\t\t<\/div>\n\t\t\t\t<\/div>\n\t\t<div class=\"elementor-element elementor-element-e1a933c e-flex e-con-boxed e-con e-parent\" data-id=\"e1a933c\" data-element_type=\"container\" data-e-type=\"container\">\n\t\t\t\t\t<div class=\"e-con-inner\">\n\t\t\t\t<div class=\"elementor-element elementor-element-5f5a9bd elementor-widget elementor-widget-heading\" data-id=\"5f5a9bd\" data-element_type=\"widget\" data-e-type=\"widget\" data-widget_type=\"heading.default\">\n\t\t\t\t<div class=\"elementor-widget-container\">\n\t\t\t\t\t<h1 class=\"elementor-heading-title elementor-size-default\">Kr\u00e4mer Druck supports regional reforestation initiative<\/h1>\t\t\t\t<\/div>\n\t\t\t\t<\/div>\n\t\t\t\t<div class=\"elementor-element elementor-element-a32b083 elementor-align-left elementor-widget elementor-widget-post-info\" data-id=\"a32b083\" data-element_type=\"widget\" data-e-type=\"widget\" data-widget_type=\"post-info.default\">\n\t\t\t\t<div class=\"elementor-widget-container\">\n\t\t\t\t\t\t\t<ul class=\"elementor-inline-items elementor-icon-list-items elementor-post-info\">\n\t\t\t\t\t\t\t\t<li class=\"elementor-icon-list-item elementor-repeater-item-2595ec3 elementor-inline-item\" itemprop=\"datePublished\">\n\t\t\t\t\t\t\t\t\t\t\t\t\t<span class=\"elementor-icon-list-text elementor-post-info__item elementor-post-info__item--type-date\">\n\t\t\t\t\t\t\t\t\t\t<time>25. July 2024<\/time>\t\t\t\t\t<\/span>\n\t\t\t\t\t\t\t\t<\/li>\n\t\t\t\t<li class=\"elementor-icon-list-item elementor-repeater-item-1c41e4e elementor-inline-item\" itemprop=\"about\">\n\t\t\t\t\t\t\t\t\t\t\t\t\t<span class=\"elementor-icon-list-text elementor-post-info__item elementor-post-info__item--type-terms\">\n\t\t\t\t\t\t\t<span class=\"elementor-post-info__item-prefix\">Category<\/span>\n\t\t\t\t\t\t\t\t\t\t<span class=\"elementor-post-info__terms-list\">\n\t\t\t\t<a href=\"https:\/\/www.kraemer-druck.de\/en\/category\/nachhaltigkeit\/\" class=\"elementor-post-info__terms-list-item\">Sustainability<\/a>, <a href=\"https:\/\/www.kraemer-druck.de\/en\/category\/regionales\/\" class=\"elementor-post-info__terms-list-item\">Regional<\/a>\t\t\t\t<\/span>\n\t\t\t\t\t<\/span>\n\t\t\t\t\t\t\t\t<\/li>\n\t\t\t\t<\/ul>\n\t\t\t\t\t\t<\/div>\n\t\t\t\t<\/div>\n\t\t\t\t<div class=\"elementor-element elementor-element-840f9af elementor-widget elementor-widget-text-editor\" data-id=\"840f9af\" data-element_type=\"widget\" data-e-type=\"widget\" data-widget_type=\"text-editor.default\">\n\t\t\t\t<div class=\"elementor-widget-container\">\n\t\t\t\t\t\t\t\t\t<div><strong>Kr\u00e4mer Druck GmbH, a leading label printer for the wine, sparkling wine and spirits industry based in Bernkastel-Andel, won the \u2018Moselhelden\u2019 award from the regional initiative Faszination Mosel last year for its <a href=\"https:\/\/www.kraemer-druck.de\/en\/papiertraegerbandrecycling\/\">innovative recycling project<\/a> gewonnen. Im Rahmen dieses Projekts wird das verbrauchte Tr\u00e4gerband von Etiketten einem Recycling-Prozess zugef\u00fchrt.\u00a0<\/strong><\/div><div>\u00a0<\/div><div>We doubled the prize money from the competition and planted a trial area with 'new' tree species in collaboration with Martin Hermanns, the district manager of the local Bernkastel-Noviand forestry district from the Traben-Trarbach forestry office.<\/div>\t\t\t\t\t\t\t\t<\/div>\n\t\t\t\t<\/div>\n\t\t\t\t<div class=\"elementor-element elementor-element-93a871b elementor-widget elementor-widget-heading\" data-id=\"93a871b\" data-element_type=\"widget\" data-e-type=\"widget\" data-widget_type=\"heading.default\">\n\t\t\t\t<div class=\"elementor-widget-container\">\n\t\t\t\t\t<h2 class=\"elementor-heading-title elementor-size-default\">Neue Baumarten f\u00fcr den regionalen Wald<\/h2>\t\t\t\t<\/div>\n\t\t\t\t<\/div>\n\t\t\t\t<div class=\"elementor-element elementor-element-a24825f elementor-widget elementor-widget-text-editor\" data-id=\"a24825f\" data-element_type=\"widget\" data-e-type=\"widget\" data-widget_type=\"text-editor.default\">\n\t\t\t\t<div class=\"elementor-widget-container\">\n\t\t\t\t\t\t\t\t\t<p>These species are better adapted to future climatic conditions than many native trees. According to Hermanns, although many native tree species can adapt to the changed conditions, almost 80% of the trees in the current forest stand are damaged. This is due to the persistently dry summers from 2018 to 2022 as well as pests such as the bark beetle, which are particularly hard on spruce trees. Experimental plantings of sub-Mediterranean species such as downy oak and wild service tree, which are better able to cope with drought, are an important part of the fight against advancing climate change.<\/p><p>Despite the heavy rainfall since last autumn, the water reservoir in the upper soil layers can quickly be depleted by a few weeks of temperatures above 30 degrees. As heatwaves are increasingly likely in the future, it is important to establish new tree species that are better able to cope with the changed climatic conditions. \u2018In contrast to shallow-rooted trees such as spruce, in which 85% of the roots only extend about 15 cm deep into the ground, the downy oak that we are planting here on a trial basis can root up to 2 metres deep. This helps it to survive longer periods of drought,\u2019 explains forester Martin Hermanns. \u2018The speed of temperature change due to climate change is exceeding the forest's ability to adapt. We are facing major challenges: 80% of trees are currently damaged. Of the almost 11.7 million hectares of forest in Germany, we will have to convert an estimated 3 million hectares by 2050.\u2019<\/p>\t\t\t\t\t\t\t\t<\/div>\n\t\t\t\t<\/div>\n\t\t\t\t<div class=\"elementor-element elementor-element-ba1bd4a elementor-widget elementor-widget-gallery\" data-id=\"ba1bd4a\" data-element_type=\"widget\" data-e-type=\"widget\" data-settings=\"{&quot;gallery_layout&quot;:&quot;masonry&quot;,&quot;columns&quot;:3,&quot;overlay_description&quot;:&quot;description&quot;,&quot;lazyload&quot;:&quot;yes&quot;,&quot;columns_tablet&quot;:2,&quot;columns_mobile&quot;:1,&quot;gap&quot;:{&quot;unit&quot;:&quot;px&quot;,&quot;size&quot;:10,&quot;sizes&quot;:[]},&quot;gap_tablet&quot;:{&quot;unit&quot;:&quot;px&quot;,&quot;size&quot;:10,&quot;sizes&quot;:[]},&quot;gap_mobile&quot;:{&quot;unit&quot;:&quot;px&quot;,&quot;size&quot;:10,&quot;sizes&quot;:[]},&quot;link_to&quot;:&quot;file&quot;,&quot;overlay_background&quot;:&quot;yes&quot;,&quot;content_hover_animation&quot;:&quot;fade-in&quot;}\" data-widget_type=\"gallery.default\">\n\t\t\t\t<div class=\"elementor-widget-container\">\n\t\t\t\t\t\t\t<div class=\"elementor-gallery__container\">\n\t\t\t\t\t\t\t<a class=\"e-gallery-item elementor-gallery-item elementor-animated-content\" href=\"https:\/\/www.kraemer-druck.de\/wp-content\/uploads\/2024\/07\/KD_Baeume_Luftaufnahem-jpg.webp\" data-elementor-open-lightbox=\"yes\" data-elementor-lightbox-slideshow=\"ba1bd4a\" data-e-action-hash=\"#elementor-action%3Aaction%3Dlightbox%26settings%3DeyJpZCI6NDI5MywidXJsIjoiaHR0cHM6XC9cL3d3dy5rcmFlbWVyLWRydWNrLmRlXC93cC1jb250ZW50XC91cGxvYWRzXC8yMDI0XC8wN1wvS0RfQmFldW1lX0x1ZnRhdWZuYWhlbS1qcGcud2VicCIsInNsaWRlc2hvdyI6ImJhMWJkNGEifQ%3D%3D\">\n\t\t\t\t\t<div class=\"e-gallery-image elementor-gallery-item__image\" data-thumbnail=\"https:\/\/www.kraemer-druck.de\/wp-content\/uploads\/2024\/07\/KD_Baeume_Luftaufnahem-jpg.webp\" data-width=\"767\" data-height=\"431\" aria-label=\"Links sieht man die Versuchsfl\u00e4che, rechts den sich aufl\u00f6senden Fichtenbestand\" role=\"img\" ><\/div>\n\t\t\t\t\t\t\t\t\t\t\t<div class=\"elementor-gallery-item__overlay\"><\/div>\n\t\t\t\t\t\t\t\t\t\t\t\t\t\t\t<div class=\"elementor-gallery-item__content\">\n\t\t\t\t\t\t\t\t\t\t\t\t\t\t<div class=\"elementor-gallery-item__description\">\n\t\t\t\t\t\t\t\t\t\t\t\t\t\t\t\t\t\tLinks sieht man die Versuchsfl\u00e4che, rechts den sich aufl\u00f6senden Fichtenbestand\t\t\t\t\t\t\t\t<\/div>\n\t\t\t\t\t\t\t\t\t\t\t\t<\/div>\n\t\t\t\t\t\t\t\t\t<\/a>\n\t\t\t\t\t\t\t<a class=\"e-gallery-item elementor-gallery-item elementor-animated-content\" href=\"https:\/\/www.kraemer-druck.de\/wp-content\/uploads\/2024\/07\/KD_Baumpflanzaktion-jpg.webp\" data-elementor-open-lightbox=\"yes\" data-elementor-lightbox-slideshow=\"ba1bd4a\" data-e-action-hash=\"#elementor-action%3Aaction%3Dlightbox%26settings%3DeyJpZCI6NDI4NywidXJsIjoiaHR0cHM6XC9cL3d3dy5rcmFlbWVyLWRydWNrLmRlXC93cC1jb250ZW50XC91cGxvYWRzXC8yMDI0XC8wN1wvS0RfQmF1bXBmbGFuemFrdGlvbi1qcGcud2VicCIsInNsaWRlc2hvdyI6ImJhMWJkNGEifQ%3D%3D\">\n\t\t\t\t\t<div class=\"e-gallery-image elementor-gallery-item__image\" data-thumbnail=\"https:\/\/www.kraemer-druck.de\/wp-content\/uploads\/2024\/07\/KD_Baumpflanzaktion-jpg.webp\" data-width=\"767\" data-height=\"511\" aria-label=\"\" role=\"img\" ><\/div>\n\t\t\t\t\t\t\t\t\t\t\t<div class=\"elementor-gallery-item__overlay\"><\/div>\n\t\t\t\t\t\t\t\t\t\t\t\t\t\t\t<div class=\"elementor-gallery-item__content\">\n\t\t\t\t\t\t\t\t\t\t\t<\/div>\n\t\t\t\t\t\t\t\t\t<\/a>\n\t\t\t\t\t\t\t<a class=\"e-gallery-item elementor-gallery-item elementor-animated-content\" href=\"https:\/\/www.kraemer-druck.de\/wp-content\/uploads\/2024\/07\/KD_Luftaufnahme-jpg.webp\" data-elementor-open-lightbox=\"yes\" data-elementor-lightbox-slideshow=\"ba1bd4a\" data-e-action-hash=\"#elementor-action%3Aaction%3Dlightbox%26settings%3DeyJpZCI6NDI5MiwidXJsIjoiaHR0cHM6XC9cL3d3dy5rcmFlbWVyLWRydWNrLmRlXC93cC1jb250ZW50XC91cGxvYWRzXC8yMDI0XC8wN1wvS0RfTHVmdGF1Zm5haG1lLWpwZy53ZWJwIiwic2xpZGVzaG93IjoiYmExYmQ0YSJ9\">\n\t\t\t\t\t<div class=\"e-gallery-image elementor-gallery-item__image\" data-thumbnail=\"https:\/\/www.kraemer-druck.de\/wp-content\/uploads\/2024\/07\/KD_Luftaufnahme-jpg.webp\" data-width=\"767\" data-height=\"431\" aria-label=\"Rechts sieht man die absterbenden Fichten, links die Versuchsfl\u00e4che\" role=\"img\" ><\/div>\n\t\t\t\t\t\t\t\t\t\t\t<div class=\"elementor-gallery-item__overlay\"><\/div>\n\t\t\t\t\t\t\t\t\t\t\t\t\t\t\t<div class=\"elementor-gallery-item__content\">\n\t\t\t\t\t\t\t\t\t\t\t\t\t\t<div class=\"elementor-gallery-item__description\">\n\t\t\t\t\t\t\t\t\t\t\t\t\t\t\t\t\t\tRechts sieht man die absterbenden Fichten, links die Versuchsfl\u00e4che\t\t\t\t\t\t\t\t<\/div>\n\t\t\t\t\t\t\t\t\t\t\t\t<\/div>\n\t\t\t\t\t\t\t\t\t<\/a>\n\t\t\t\t\t\t\t<a class=\"e-gallery-item elementor-gallery-item elementor-animated-content\" href=\"https:\/\/www.kraemer-druck.de\/wp-content\/uploads\/2024\/07\/KraemerDruck_Baumpflanzaktion_Flaumeiche_Setzling-jpg.webp\" data-elementor-open-lightbox=\"yes\" data-elementor-lightbox-slideshow=\"ba1bd4a\" data-e-action-hash=\"#elementor-action%3Aaction%3Dlightbox%26settings%3DeyJpZCI6NDI5MCwidXJsIjoiaHR0cHM6XC9cL3d3dy5rcmFlbWVyLWRydWNrLmRlXC93cC1jb250ZW50XC91cGxvYWRzXC8yMDI0XC8wN1wvS3JhZW1lckRydWNrX0JhdW1wZmxhbnpha3Rpb25fRmxhdW1laWNoZV9TZXR6bGluZy1qcGcud2VicCIsInNsaWRlc2hvdyI6ImJhMWJkNGEifQ%3D%3D\">\n\t\t\t\t\t<div class=\"e-gallery-image elementor-gallery-item__image\" data-thumbnail=\"https:\/\/www.kraemer-druck.de\/wp-content\/uploads\/2024\/07\/KraemerDruck_Baumpflanzaktion_Flaumeiche_Setzling-jpg.webp\" data-width=\"767\" data-height=\"763\" aria-label=\"Setzling der Flaumeiche\" role=\"img\" ><\/div>\n\t\t\t\t\t\t\t\t\t\t\t<div class=\"elementor-gallery-item__overlay\"><\/div>\n\t\t\t\t\t\t\t\t\t\t\t\t\t\t\t<div class=\"elementor-gallery-item__content\">\n\t\t\t\t\t\t\t\t\t\t\t\t\t\t<div class=\"elementor-gallery-item__description\">\n\t\t\t\t\t\t\t\t\t\t\t\t\t\t\t\t\t\tSetzling der Flaumeiche\t\t\t\t\t\t\t\t<\/div>\n\t\t\t\t\t\t\t\t\t\t\t\t<\/div>\n\t\t\t\t\t\t\t\t\t<\/a>\n\t\t\t\t\t\t\t<a class=\"e-gallery-item elementor-gallery-item elementor-animated-content\" href=\"https:\/\/www.kraemer-druck.de\/wp-content\/uploads\/2024\/07\/KD_Baumfpanzaktion-Flumeiche-jpg.webp\" data-elementor-open-lightbox=\"yes\" data-elementor-lightbox-slideshow=\"ba1bd4a\" data-e-action-hash=\"#elementor-action%3Aaction%3Dlightbox%26settings%3DeyJpZCI6NDI4OSwidXJsIjoiaHR0cHM6XC9cL3d3dy5rcmFlbWVyLWRydWNrLmRlXC93cC1jb250ZW50XC91cGxvYWRzXC8yMDI0XC8wN1wvS0RfQmF1bWZwYW56YWt0aW9uLUZsdW1laWNoZS1qcGcud2VicCIsInNsaWRlc2hvdyI6ImJhMWJkNGEifQ%3D%3D\">\n\t\t\t\t\t<div class=\"e-gallery-image elementor-gallery-item__image\" data-thumbnail=\"https:\/\/www.kraemer-druck.de\/wp-content\/uploads\/2024\/07\/KD_Baumfpanzaktion-Flumeiche-jpg.webp\" data-width=\"767\" data-height=\"511\" aria-label=\"In den n\u00e4chsten 5 Jahren m\u00fcssen die B\u00e4umchen regelm\u00e4\u00dfig freigeschnitten werden, damit sie nicht von Brombeeren und anderen Pflanzen \u00fcberwuchert werden. Damit sie nicht versehentlich mit abgeschnitten werden, sind die Setzlinge blau markiert\" role=\"img\" ><\/div>\n\t\t\t\t\t\t\t\t\t\t\t<div class=\"elementor-gallery-item__overlay\"><\/div>\n\t\t\t\t\t\t\t\t\t\t\t\t\t\t\t<div class=\"elementor-gallery-item__content\">\n\t\t\t\t\t\t\t\t\t\t\t\t\t\t<div class=\"elementor-gallery-item__description\">\n\t\t\t\t\t\t\t\t\t\t\t\t\t\t\t\t\t\tIn den n\u00e4chsten 5 Jahren m\u00fcssen die B\u00e4umchen regelm\u00e4\u00dfig freigeschnitten werden, damit sie nicht von Brombeeren und anderen Pflanzen \u00fcberwuchert werden. Damit sie nicht versehentlich mit abgeschnitten werden, sind die Setzlinge blau markiert.\t\t\t\t\t\t\t\t<\/div>\n\t\t\t\t\t\t\t\t\t\t\t\t<\/div>\n\t\t\t\t\t\t\t\t\t<\/a>\n\t\t\t\t\t\t\t<a class=\"e-gallery-item elementor-gallery-item elementor-animated-content\" href=\"https:\/\/www.kraemer-druck.de\/wp-content\/uploads\/2024\/07\/KramerDruck_Baumpflanzaktion_FlaumeichenSetzlinge-jpg.webp\" data-elementor-open-lightbox=\"yes\" data-elementor-lightbox-slideshow=\"ba1bd4a\" data-e-action-hash=\"#elementor-action%3Aaction%3Dlightbox%26settings%3DeyJpZCI6NDI4NSwidXJsIjoiaHR0cHM6XC9cL3d3dy5rcmFlbWVyLWRydWNrLmRlXC93cC1jb250ZW50XC91cGxvYWRzXC8yMDI0XC8wN1wvS3JhbWVyRHJ1Y2tfQmF1bXBmbGFuemFrdGlvbl9GbGF1bWVpY2hlblNldHpsaW5nZS1qcGcud2VicCIsInNsaWRlc2hvdyI6ImJhMWJkNGEifQ%3D%3D\">\n\t\t\t\t\t<div class=\"e-gallery-image elementor-gallery-item__image\" data-thumbnail=\"https:\/\/www.kraemer-druck.de\/wp-content\/uploads\/2024\/07\/KramerDruck_Baumpflanzaktion_FlaumeichenSetzlinge-jpg.webp\" data-width=\"767\" data-height=\"511\" aria-label=\"\" role=\"img\" ><\/div>\n\t\t\t\t\t\t\t\t\t\t\t<div class=\"elementor-gallery-item__overlay\"><\/div>\n\t\t\t\t\t\t\t\t\t\t\t\t\t\t\t<div class=\"elementor-gallery-item__content\">\n\t\t\t\t\t\t\t\t\t\t\t<\/div>\n\t\t\t\t\t\t\t\t\t<\/a>\n\t\t\t\t\t\t\t<a class=\"e-gallery-item elementor-gallery-item elementor-animated-content\" href=\"https:\/\/www.kraemer-druck.de\/wp-content\/uploads\/2024\/07\/KraemerDruck_Baumpflanzaktion_Flaumeiche_vor_aufloesendem_Fichtenbestand-jpg.webp\" data-elementor-open-lightbox=\"yes\" data-elementor-lightbox-slideshow=\"ba1bd4a\" data-e-action-hash=\"#elementor-action%3Aaction%3Dlightbox%26settings%3DeyJpZCI6NDI4OCwidXJsIjoiaHR0cHM6XC9cL3d3dy5rcmFlbWVyLWRydWNrLmRlXC93cC1jb250ZW50XC91cGxvYWRzXC8yMDI0XC8wN1wvS3JhZW1lckRydWNrX0JhdW1wZmxhbnpha3Rpb25fRmxhdW1laWNoZV92b3JfYXVmbG9lc2VuZGVtX0ZpY2h0ZW5iZXN0YW5kLWpwZy53ZWJwIiwic2xpZGVzaG93IjoiYmExYmQ0YSJ9\">\n\t\t\t\t\t<div class=\"e-gallery-image elementor-gallery-item__image\" data-thumbnail=\"https:\/\/www.kraemer-druck.de\/wp-content\/uploads\/2024\/07\/KraemerDruck_Baumpflanzaktion_Flaumeiche_vor_aufloesendem_Fichtenbestand-jpg.webp\" data-width=\"767\" data-height=\"1014\" aria-label=\"Flaumeichen Setzling vor sich ausd\u00fcnnendem Fichtenwald\" role=\"img\" ><\/div>\n\t\t\t\t\t\t\t\t\t\t\t<div class=\"elementor-gallery-item__overlay\"><\/div>\n\t\t\t\t\t\t\t\t\t\t\t\t\t\t\t<div class=\"elementor-gallery-item__content\">\n\t\t\t\t\t\t\t\t\t\t\t\t\t\t<div class=\"elementor-gallery-item__description\">\n\t\t\t\t\t\t\t\t\t\t\t\t\t\t\t\t\t\tFlaumeichen-Setzling vor dem bereits sehr lichten Fichtenwald. Flaumeichen sind w\u00e4rmeliebend und sehr trockenheitstolerant. Daher die Entscheidung f\u00fcr diese Baumart.\t\t\t\t\t\t\t\t<\/div>\n\t\t\t\t\t\t\t\t\t\t\t\t<\/div>\n\t\t\t\t\t\t\t\t\t<\/a>\n\t\t\t\t\t<\/div>\n\t\t\t\t\t<\/div>\n\t\t\t\t<\/div>\n\t\t\t\t<div class=\"elementor-element elementor-element-6f44b09 elementor-widget elementor-widget-text-editor\" data-id=\"6f44b09\" data-element_type=\"widget\" data-e-type=\"widget\" data-widget_type=\"text-editor.default\">\n\t\t\t\t<div class=\"elementor-widget-container\">\n\t\t\t\t\t\t\t\t\t<p>Planting new tree species is one way of making the forest of the future sustainable. Together with the University of Freiburg and the Forest Research Centre, Hermanns began establishing such trial areas here in the region in 2014. \u2018Before implementing these measures across the board, you need to know which tree species will prove successful. This takes time and money, which is why I am grateful for the donation to the municipality of Lieser, through which the company Kr\u00e4mer Druck has made this trial area in the Lieser municipal forest possible,\u2019 Hermanns continues.<\/p><p>The downy oak and wild service tree seedlings that were planted on the Lieserer Plateau last autumn are now almost 50 cm high and will need to be regularly pruned over the next five years so that they can grow into large trees. Kr\u00e4mer Druck will continue to be available to the Bernkastel-Noviand forest district of the Traben-Trarbach forestry office as a reliable partner for such trial areas.<\/p><p>Our family-run company is proud to make a sustainable contribution to the region. \u2018For us, it's great that this project is so close by. It's practically on our doorstep and we can see how the trees are developing,\u2019 says Managing Director Christian Kr\u00e4mer.<\/p><p>Sustainability is particularly important to us at Kr\u00e4mer Druck. We focus on resource- and climate-friendly production. For example, we utilise the waste heat from the machines to heat the halls and buildings. There are around 2,300 square metres of photovoltaic systems on the roofs of the printing halls, which cover a large part of our electricity requirements. In addition, our award-winning paper backing tape recycling project saves valuable resources. Up to 13 trees can be saved as fresh fibre per tonne of recycled carrier tape. Together with our customers, we recycle around 200 tonnes of carrier tape every year. In addition, our company is FSC and PEFC certified and prints almost exclusively on paper from certified sustainable forestry.<br \/>For almost two years now, we have been a member of the Fair'n Green association, which is committed to sustainable practices in viticulture and combines ecological, economic and social aspects.<\/p>\t\t\t\t\t\t\t\t<\/div>\n\t\t\t\t<\/div>\n\t\t\t\t<div class=\"elementor-element elementor-element-c0ed054 elementor-blockquote--skin-quotation elementor-blockquote--align-center elementor-widget elementor-widget-blockquote\" data-id=\"c0ed054\" data-element_type=\"widget\" data-e-type=\"widget\" data-widget_type=\"blockquote.default\">\n\t\t\t\t<div class=\"elementor-widget-container\">\n\t\t\t\t\t\t\t<blockquote class=\"elementor-blockquote\">\n\t\t\t<p class=\"elementor-blockquote__content\">\n\t\t\t\t\u2018The forest is invaluable for our environment and our quality of life. Through our partnership with the Bernkastel-Noviand forest district of the Traben-Trarbach forestry office, we want to give something back to the region and actively contribute to preserving the forests for future generations. Sustainability is not just part of our corporate philosophy, it is a matter close to our hearts\u2019\t\t\t<\/p>\n\t\t\t\t\t\t\t<div class=\"e-q-footer\">\n\t\t\t\t\t\t\t\t\t\t\t<cite class=\"elementor-blockquote__author\">Christian Kr\u00e4mer<\/cite>\n\t\t\t\t\t\t\t\t\t\t\t\t\t\t<\/div>\n\t\t\t\t\t<\/blockquote>\n\t\t\t\t\t\t<\/div>\n\t\t\t\t<\/div>\n\t\t\t\t\t<\/div>\n\t\t\t\t<\/div>\n\t\t<div class=\"elementor-element elementor-element-a736366 e-flex e-con-boxed e-con e-parent\" data-id=\"a736366\" data-element_type=\"container\" data-e-type=\"container\" data-settings=\"{&quot;background_background&quot;:&quot;classic&quot;}\">\n\t\t\t\t\t<div class=\"e-con-inner\">\n\t\t<div class=\"elementor-element elementor-element-04c8fd6 e-con-full e-flex e-con e-child\" data-id=\"04c8fd6\" data-element_type=\"container\" data-e-type=\"container\">\n\t\t\t\t<div class=\"elementor-element elementor-element-e09f0c8 elementor-widget elementor-widget-text-editor\" data-id=\"e09f0c8\" data-element_type=\"widget\" data-e-type=\"widget\" data-widget_type=\"text-editor.default\">\n\t\t\t\t<div class=\"elementor-widget-container\">\n\t\t\t\t\t\t\t\t\t<p><strong>Share this post:<\/strong><\/p>\t\t\t\t\t\t\t\t<\/div>\n\t\t\t\t<\/div>\n\t\t\t\t<div class=\"elementor-element elementor-element-dc56bc7 elementor-share-buttons--skin-minimal elementor-share-buttons--shape-circle elementor-share-buttons--color-custom elementor-share-buttons--view-icon-text elementor-grid-0 elementor-widget elementor-widget-share-buttons\" data-id=\"dc56bc7\" data-element_type=\"widget\" data-e-type=\"widget\" data-widget_type=\"share-buttons.default\">\n\t\t\t\t<div class=\"elementor-widget-container\">\n\t\t\t\t\t\t\t<div class=\"elementor-grid\" role=\"list\">\n\t\t\t\t\t\t\t\t<div class=\"elementor-grid-item\" role=\"listitem\">\n\t\t\t\t\t\t<div class=\"elementor-share-btn elementor-share-btn_facebook\" role=\"button\" tabindex=\"0\" aria-label=\"Teilen auf facebook\">\n\t\t\t\t\t\t\t\t\t\t\t\t\t\t\t<span class=\"elementor-share-btn__icon\">\n\t\t\t\t\t\t\t\t<svg aria-hidden=\"true\" class=\"e-font-icon-svg e-fab-facebook\" viewbox=\"0 0 512 512\" xmlns=\"http:\/\/www.w3.org\/2000\/svg\"><path d=\"M504 256C504 119 393 8 256 8S8 119 8 256c0 123.78 90.69 226.38 209.25 245V327.69h-63V256h63v-54.64c0-62.15 37-96.48 93.67-96.48 27.14 0 55.52 4.84 55.52 4.84v61h-31.28c-30.8 0-40.41 19.12-40.41 38.73V256h68.78l-11 71.69h-57.78V501C413.31 482.38 504 379.78 504 256z\"><\/path><\/svg>\t\t\t\t\t\t\t<\/span>\n\t\t\t\t\t\t\t\t\t\t\t\t\t\t\t\t\t\t\t\t<\/div>\n\t\t\t\t\t<\/div>\n\t\t\t\t\t\t\t\t\t<div class=\"elementor-grid-item\" role=\"listitem\">\n\t\t\t\t\t\t<div class=\"elementor-share-btn elementor-share-btn_linkedin\" role=\"button\" tabindex=\"0\" aria-label=\"Teilen auf linkedin\">\n\t\t\t\t\t\t\t\t\t\t\t\t\t\t\t<span class=\"elementor-share-btn__icon\">\n\t\t\t\t\t\t\t\t<svg aria-hidden=\"true\" class=\"e-font-icon-svg e-fab-linkedin\" viewbox=\"0 0 448 512\" xmlns=\"http:\/\/www.w3.org\/2000\/svg\"><path d=\"M416 32H31.9C14.3 32 0 46.5 0 64.3v383.4C0 465.5 14.3 480 31.9 480H416c17.6 0 32-14.5 32-32.3V64.3c0-17.8-14.4-32.3-32-32.3zM135.4 416H69V202.2h66.5V416zm-33.2-243c-21.3 0-38.5-17.3-38.5-38.5S80.9 96 102.2 96c21.2 0 38.5 17.3 38.5 38.5 0 21.3-17.2 38.5-38.5 38.5zm282.1 243h-66.4V312c0-24.8-.5-56.7-34.5-56.7-34.6 0-39.9 27-39.9 54.9V416h-66.4V202.2h63.7v29.2h.9c8.9-16.8 30.6-34.5 62.9-34.5 67.2 0 79.7 44.3 79.7 101.9V416z\"><\/path><\/svg>\t\t\t\t\t\t\t<\/span>\n\t\t\t\t\t\t\t\t\t\t\t\t\t\t\t\t\t\t\t\t<\/div>\n\t\t\t\t\t<\/div>\n\t\t\t\t\t\t\t\t\t<div class=\"elementor-grid-item\" role=\"listitem\">\n\t\t\t\t\t\t<div class=\"elementor-share-btn elementor-share-btn_whatsapp\" role=\"button\" tabindex=\"0\" aria-label=\"Teilen auf whatsapp\">\n\t\t\t\t\t\t\t\t\t\t\t\t\t\t\t<span class=\"elementor-share-btn__icon\">\n\t\t\t\t\t\t\t\t<svg aria-hidden=\"true\" class=\"e-font-icon-svg e-fab-whatsapp\" viewbox=\"0 0 448 512\" xmlns=\"http:\/\/www.w3.org\/2000\/svg\"><path d=\"M380.9 97.1C339 55.1 283.2 32 223.9 32c-122.4 0-222 99.6-222 222 0 39.1 10.2 77.3 29.6 111L0 480l117.7-30.9c32.4 17.7 68.9 27 106.1 27h.1c122.3 0 224.1-99.6 224.1-222 0-59.3-25.2-115-67.1-157zm-157 341.6c-33.2 0-65.7-8.9-94-25.7l-6.7-4-69.8 18.3L72 359.2l-4.4-7c-18.5-29.4-28.2-63.3-28.2-98.2 0-101.7 82.8-184.5 184.6-184.5 49.3 0 95.6 19.2 130.4 54.1 34.8 34.9 56.2 81.2 56.1 130.5 0 101.8-84.9 184.6-186.6 184.6zm101.2-138.2c-5.5-2.8-32.8-16.2-37.9-18-5.1-1.9-8.8-2.8-12.5 2.8-3.7 5.6-14.3 18-17.6 21.8-3.2 3.7-6.5 4.2-12 1.4-32.6-16.3-54-29.1-75.5-66-5.7-9.8 5.7-9.1 16.3-30.3 1.8-3.7.9-6.9-.5-9.7-1.4-2.8-12.5-30.1-17.1-41.2-4.5-10.8-9.1-9.3-12.5-9.5-3.2-.2-6.9-.2-10.6-.2-3.7 0-9.7 1.4-14.8 6.9-5.1 5.6-19.4 19-19.4 46.3 0 27.3 19.9 53.7 22.6 57.4 2.8 3.7 39.1 59.7 94.8 83.8 35.2 15.2 49 16.5 66.6 13.9 10.7-1.6 32.8-13.4 37.4-26.4 4.6-13 4.6-24.1 3.2-26.4-1.3-2.5-5-3.9-10.5-6.6z\"><\/path><\/svg>\t\t\t\t\t\t\t<\/span>\n\t\t\t\t\t\t\t\t\t\t\t\t\t\t\t\t\t\t\t\t<\/div>\n\t\t\t\t\t<\/div>\n\t\t\t\t\t\t<\/div>\n\t\t\t\t\t\t<\/div>\n\t\t\t\t<\/div>\n\t\t\t\t<\/div>\n\t\t\t\t\t<\/div>\n\t\t\t\t<\/div>\n\t\t<div class=\"elementor-element elementor-element-eadfd18 e-flex e-con-boxed e-con e-parent\" data-id=\"eadfd18\" data-element_type=\"container\" data-e-type=\"container\" data-settings=\"{&quot;background_background&quot;:&quot;classic&quot;}\">\n\t\t\t\t\t<div class=\"e-con-inner\">\n\t\t\t\t<div class=\"elementor-element elementor-element-05c6f83 elementor-widget-divider--view-line elementor-widget elementor-widget-divider\" data-id=\"05c6f83\" data-element_type=\"widget\" data-e-type=\"widget\" data-widget_type=\"divider.default\">\n\t\t\t\t<div class=\"elementor-widget-container\">\n\t\t\t\t\t\t\t<div class=\"elementor-divider\">\n\t\t\t<span class=\"elementor-divider-separator\">\n\t\t\t\t\t\t<\/span>\n\t\t<\/div>\n\t\t\t\t\t\t<\/div>\n\t\t\t\t<\/div>\n\t\t\t\t<div class=\"elementor-element elementor-element-294b518 elementor-widget elementor-widget-post-navigation\" data-id=\"294b518\" data-element_type=\"widget\" data-e-type=\"widget\" data-widget_type=\"post-navigation.default\">\n\t\t\t\t<div class=\"elementor-widget-container\">\n\t\t\t\t\t\t\t<div class=\"elementor-post-navigation\" role=\"navigation\" aria-label=\"Post Navigation\">\n\t\t\t<div class=\"elementor-post-navigation__prev elementor-post-navigation__link\">\n\t\t\t\t<a href=\"https:\/\/www.kraemer-druck.de\/en\/aktion-stadtradeln-2024\/\" rel=\"prev\"><span class=\"post-navigation__arrow-wrapper post-navigation__arrow-prev\"><svg aria-hidden=\"true\" class=\"e-font-icon-svg e-fas-angle-left\" viewbox=\"0 0 256 512\" xmlns=\"http:\/\/www.w3.org\/2000\/svg\"><path d=\"M31.7 239l136-136c9.4-9.4 24.6-9.4 33.9 0l22.6 22.6c9.4 9.4 9.4 24.6 0 33.9L127.9 256l96.4 96.4c9.4 9.4 9.4 24.6 0 33.9L201.7 409c-9.4 9.4-24.6 9.4-33.9 0l-136-136c-9.5-9.4-9.5-24.6-.1-34z\"><\/path><\/svg><span class=\"elementor-screen-only\">Prev<\/span><\/span><span class=\"elementor-post-navigation__link__prev\"><span class=\"post-navigation__prev--label\">Previous post<\/span><span class=\"post-navigation__prev--title\">Aktion Stadtradeln 2024<\/span><\/span><\/a>\t\t\t<\/div>\n\t\t\t\t\t\t<div class=\"elementor-post-navigation__next elementor-post-navigation__link\">\n\t\t\t\t<a href=\"https:\/\/www.kraemer-druck.de\/en\/ausbildungsstart-bei-kraemer-druck-2\/\" rel=\"next\"><span class=\"elementor-post-navigation__link__next\"><span class=\"post-navigation__next--label\">Next post<\/span><span class=\"post-navigation__next--title\">Apprenticeship start at Kr\u00e4mer Druck<\/span><\/span><span class=\"post-navigation__arrow-wrapper post-navigation__arrow-next\"><svg aria-hidden=\"true\" class=\"e-font-icon-svg e-fas-angle-right\" viewbox=\"0 0 256 512\" xmlns=\"http:\/\/www.w3.org\/2000\/svg\"><path d=\"M224.3 273l-136 136c-9.4 9.4-24.6 9.4-33.9 0l-22.6-22.6c-9.4-9.4-9.4-24.6 0-33.9l96.4-96.4-96.4-96.4c-9.4-9.4-9.4-24.6 0-33.9L54.3 103c9.4-9.4 24.6-9.4 33.9 0l136 136c9.5 9.4 9.5 24.6.1 34z\"><\/path><\/svg><span class=\"elementor-screen-only\">Next<\/span><\/span><\/a>\t\t\t<\/div>\n\t\t<\/div>\n\t\t\t\t\t\t<\/div>\n\t\t\t\t<\/div>\n\t\t\t\t\t<\/div>\n\t\t\t\t<\/div>\n\t\t\t\t<\/div>","protected":false},"excerpt":{"rendered":"<p>We doubled our prize money from the \u2018Moselhelden\u2019 sustainability award and used it to donate trees for a trial area in the regional forest. Find out more:<\/p>","protected":false},"author":1,"featured_media":3732,"comment_status":"closed","ping_status":"open","sticky":false,"template":"","format":"standard","meta":{"footnotes":""},"categories":[20,25],"tags":[],"class_list":["post-4279","post","type-post","status-publish","format-standard","has-post-thumbnail","hentry","category-nachhaltigkeit","category-regionales"],"yoast_head":"<!-- This site is optimized with the Yoast SEO plugin v28.3 - https:\/\/yoast.com\/product\/yoast-seo-wordpress\/ -->\n<title>Wir pflanzen B\u00e4ume f\u00fcr den regionalen Wald | Kr\u00e4mer Druck \u2013\u00a0Etikettendruckerei an der Mosel<\/title>\n<meta name=\"description\" content=\"Unser Preisgeld des \u201eMoselhelden\u201c-Preises haben wir verdoppelt und davon B\u00e4ume f\u00fcr eine Versuchsfl\u00e4che im Lieserer Wald gespendet.\" \/>\n<meta name=\"robots\" content=\"index, follow, max-snippet:-1, max-image-preview:large, max-video-preview:-1\" \/>\n<link rel=\"canonical\" href=\"https:\/\/www.kraemer-druck.de\/en\/kraemer-druck-unterstuetzt-regionale-aufforstungsinitiative\/\" \/>\n<meta property=\"og:locale\" content=\"en_GB\" \/>\n<meta property=\"og:type\" content=\"article\" \/>\n<meta property=\"og:title\" content=\"Wir pflanzen B\u00e4ume f\u00fcr den regionalen Wald | Kr\u00e4mer Druck \u2013\u00a0Etikettendruckerei an der Mosel\" \/>\n<meta property=\"og:description\" content=\"Unser Preisgeld des \u201eMoselhelden\u201c-Preises haben wir verdoppelt und davon B\u00e4ume f\u00fcr eine Versuchsfl\u00e4che im Lieserer Wald gespendet.\" \/>\n<meta property=\"og:url\" content=\"https:\/\/www.kraemer-druck.de\/en\/kraemer-druck-unterstuetzt-regionale-aufforstungsinitiative\/\" \/>\n<meta property=\"og:site_name\" content=\"Kr\u00e4mer Druck \u2013\u00a0Etikettendruckerei an der Mosel\" \/>\n<meta property=\"article:publisher\" content=\"https:\/\/www.facebook.com\/KraemerDruck\" \/>\n<meta property=\"article:published_time\" content=\"2024-07-25T07:32:53+00:00\" \/>\n<meta property=\"article:modified_time\" content=\"2026-08-31T14:28:17+00:00\" \/>\n<meta property=\"og:image\" content=\"https:\/\/www.kraemer-druck.de\/wp-content\/uploads\/2024\/07\/KraemerDruck-pflanzt_Baeume.jpg\" \/>\n\t<meta property=\"og:image:width\" content=\"1920\" \/>\n\t<meta property=\"og:image:height\" content=\"1280\" \/>\n\t<meta property=\"og:image:type\" content=\"image\/jpeg\" \/>\n<meta name=\"author\" content=\"kraemerdruck\" \/>\n<meta name=\"twitter:card\" content=\"summary_large_image\" \/>\n<meta name=\"twitter:label1\" content=\"Written by\" \/>\n\t<meta name=\"twitter:data1\" content=\"kraemerdruck\" \/>\n\t<meta name=\"twitter:label2\" content=\"Estimated reading time\" \/>\n\t<meta name=\"twitter:data2\" content=\"5 minutes\" \/>\n<script type=\"application\/ld+json\" class=\"yoast-schema-graph\">{\"@context\":\"https:\\\/\\\/schema.org\",\"@graph\":[{\"@type\":\"Article\",\"@id\":\"https:\\\/\\\/www.kraemer-druck.de\\\/kraemer-druck-unterstuetzt-regionale-aufforstungsinitiative\\\/#article\",\"isPartOf\":{\"@id\":\"https:\\\/\\\/www.kraemer-druck.de\\\/kraemer-druck-unterstuetzt-regionale-aufforstungsinitiative\\\/\"},\"author\":{\"name\":\"kraemerdruck\",\"@id\":\"https:\\\/\\\/www.kraemer-druck.de\\\/#\\\/schema\\\/person\\\/90ab76f26bd85bca3bc5174c45df51f4\"},\"headline\":\"Wir pflanzen B\u00e4ume f\u00fcr den regionalen Wald\",\"datePublished\":\"2024-07-25T07:32:53+00:00\",\"dateModified\":\"2026-08-31T14:28:17+00:00\",\"mainEntityOfPage\":{\"@id\":\"https:\\\/\\\/www.kraemer-druck.de\\\/kraemer-druck-unterstuetzt-regionale-aufforstungsinitiative\\\/\"},\"wordCount\":832,\"publisher\":{\"@id\":\"https:\\\/\\\/www.kraemer-druck.de\\\/#organization\"},\"image\":{\"@id\":\"https:\\\/\\\/www.kraemer-druck.de\\\/kraemer-druck-unterstuetzt-regionale-aufforstungsinitiative\\\/#primaryimage\"},\"thumbnailUrl\":\"https:\\\/\\\/www.kraemer-druck.de\\\/wp-content\\\/uploads\\\/2024\\\/07\\\/KraemerDruck-pflanzt_Baeume.jpg\",\"articleSection\":[\"Nachhaltigkeit\",\"Regionales\"],\"inLanguage\":\"en-GB\"},{\"@type\":\"WebPage\",\"@id\":\"https:\\\/\\\/www.kraemer-druck.de\\\/kraemer-druck-unterstuetzt-regionale-aufforstungsinitiative\\\/\",\"url\":\"https:\\\/\\\/www.kraemer-druck.de\\\/kraemer-druck-unterstuetzt-regionale-aufforstungsinitiative\\\/\",\"name\":\"Wir pflanzen B\u00e4ume f\u00fcr den regionalen Wald | Kr\u00e4mer Druck \u2013\u00a0Etikettendruckerei an der Mosel\",\"isPartOf\":{\"@id\":\"https:\\\/\\\/www.kraemer-druck.de\\\/#website\"},\"primaryImageOfPage\":{\"@id\":\"https:\\\/\\\/www.kraemer-druck.de\\\/kraemer-druck-unterstuetzt-regionale-aufforstungsinitiative\\\/#primaryimage\"},\"image\":{\"@id\":\"https:\\\/\\\/www.kraemer-druck.de\\\/kraemer-druck-unterstuetzt-regionale-aufforstungsinitiative\\\/#primaryimage\"},\"thumbnailUrl\":\"https:\\\/\\\/www.kraemer-druck.de\\\/wp-content\\\/uploads\\\/2024\\\/07\\\/KraemerDruck-pflanzt_Baeume.jpg\",\"datePublished\":\"2024-07-25T07:32:53+00:00\",\"dateModified\":\"2026-08-31T14:28:17+00:00\",\"description\":\"Unser Preisgeld des \u201eMoselhelden\u201c-Preises haben wir verdoppelt und davon B\u00e4ume f\u00fcr eine Versuchsfl\u00e4che im Lieserer Wald gespendet.\",\"breadcrumb\":{\"@id\":\"https:\\\/\\\/www.kraemer-druck.de\\\/kraemer-druck-unterstuetzt-regionale-aufforstungsinitiative\\\/#breadcrumb\"},\"inLanguage\":\"en-GB\",\"potentialAction\":[{\"@type\":\"ReadAction\",\"target\":[\"https:\\\/\\\/www.kraemer-druck.de\\\/kraemer-druck-unterstuetzt-regionale-aufforstungsinitiative\\\/\"]}]},{\"@type\":\"ImageObject\",\"inLanguage\":\"en-GB\",\"@id\":\"https:\\\/\\\/www.kraemer-druck.de\\\/kraemer-druck-unterstuetzt-regionale-aufforstungsinitiative\\\/#primaryimage\",\"url\":\"https:\\\/\\\/www.kraemer-druck.de\\\/wp-content\\\/uploads\\\/2024\\\/07\\\/KraemerDruck-pflanzt_Baeume.jpg\",\"contentUrl\":\"https:\\\/\\\/www.kraemer-druck.de\\\/wp-content\\\/uploads\\\/2024\\\/07\\\/KraemerDruck-pflanzt_Baeume.jpg\",\"width\":1920,\"height\":1280},{\"@type\":\"BreadcrumbList\",\"@id\":\"https:\\\/\\\/www.kraemer-druck.de\\\/kraemer-druck-unterstuetzt-regionale-aufforstungsinitiative\\\/#breadcrumb\",\"itemListElement\":[{\"@type\":\"ListItem\",\"position\":1,\"name\":\"Startseite\",\"item\":\"https:\\\/\\\/www.kraemer-druck.de\\\/\"},{\"@type\":\"ListItem\",\"position\":2,\"name\":\"Wir pflanzen B\u00e4ume f\u00fcr den regionalen Wald\"}]},{\"@type\":\"WebSite\",\"@id\":\"https:\\\/\\\/www.kraemer-druck.de\\\/#website\",\"url\":\"https:\\\/\\\/www.kraemer-druck.de\\\/\",\"name\":\"Etikettendruckerei Kr\u00e4mer Druck\",\"description\":\"Etiketten f\u00fcr die Wein-, Sekt- und Spirituosenbranche\",\"publisher\":{\"@id\":\"https:\\\/\\\/www.kraemer-druck.de\\\/#organization\"},\"alternateName\":\"Etikettendruckerei\",\"potentialAction\":[{\"@type\":\"SearchAction\",\"target\":{\"@type\":\"EntryPoint\",\"urlTemplate\":\"https:\\\/\\\/www.kraemer-druck.de\\\/?s={search_term_string}\"},\"query-input\":{\"@type\":\"PropertyValueSpecification\",\"valueRequired\":true,\"valueName\":\"search_term_string\"}}],\"inLanguage\":\"en-GB\"},{\"@type\":\"Organization\",\"@id\":\"https:\\\/\\\/www.kraemer-druck.de\\\/#organization\",\"name\":\"Kr\u00e4mer Druck \u2013\u00a0Etikettendruckerei an der Mosel\",\"alternateName\":\"Kr\u00e4mer Druck GmbH\",\"url\":\"https:\\\/\\\/www.kraemer-druck.de\\\/\",\"logo\":{\"@type\":\"ImageObject\",\"inLanguage\":\"en-GB\",\"@id\":\"https:\\\/\\\/www.kraemer-druck.de\\\/#\\\/schema\\\/logo\\\/image\\\/\",\"url\":\"https:\\\/\\\/www.kraemer-druck.de\\\/wp-content\\\/uploads\\\/2023\\\/08\\\/Logo_.png\",\"contentUrl\":\"https:\\\/\\\/www.kraemer-druck.de\\\/wp-content\\\/uploads\\\/2023\\\/08\\\/Logo_.png\",\"width\":3175,\"height\":730,\"caption\":\"Kr\u00e4mer Druck \u2013\u00a0Etikettendruckerei an der Mosel\"},\"image\":{\"@id\":\"https:\\\/\\\/www.kraemer-druck.de\\\/#\\\/schema\\\/logo\\\/image\\\/\"},\"sameAs\":[\"https:\\\/\\\/www.facebook.com\\\/KraemerDruck\",\"https:\\\/\\\/www.instagram.com\\\/kraemer_druck\",\"https:\\\/\\\/www.youtube.com\\\/@kraemerdruck\",\"https:\\\/\\\/www.linkedin.com\\\/company\\\/kraemerdruck\\\/\"]},{\"@type\":\"Person\",\"@id\":\"https:\\\/\\\/www.kraemer-druck.de\\\/#\\\/schema\\\/person\\\/90ab76f26bd85bca3bc5174c45df51f4\",\"name\":\"kraemerdruck\",\"image\":{\"@type\":\"ImageObject\",\"inLanguage\":\"en-GB\",\"@id\":\"https:\\\/\\\/secure.gravatar.com\\\/avatar\\\/995633c2ffc8bd6ce4d9bf2d84e02ad808c5b16d146b0e3c48f20f833fd24c35?s=96&d=mm&r=g\",\"url\":\"https:\\\/\\\/secure.gravatar.com\\\/avatar\\\/995633c2ffc8bd6ce4d9bf2d84e02ad808c5b16d146b0e3c48f20f833fd24c35?s=96&d=mm&r=g\",\"contentUrl\":\"https:\\\/\\\/secure.gravatar.com\\\/avatar\\\/995633c2ffc8bd6ce4d9bf2d84e02ad808c5b16d146b0e3c48f20f833fd24c35?s=96&d=mm&r=g\",\"caption\":\"kraemerdruck\"},\"sameAs\":[\"https:\\\/\\\/www.kraemer-druck.de\"]}]}<\/script>\n<!-- \/ Yoast SEO plugin. -->","yoast_head_json":{"title":"Wir pflanzen B\u00e4ume f\u00fcr den regionalen Wald | Kr\u00e4mer Druck \u2013\u00a0Etikettendruckerei an der Mosel","description":"Unser Preisgeld des \u201eMoselhelden\u201c-Preises haben wir verdoppelt und davon B\u00e4ume f\u00fcr eine Versuchsfl\u00e4che im Lieserer Wald gespendet.","robots":{"index":"index","follow":"follow","max-snippet":"max-snippet:-1","max-image-preview":"max-image-preview:large","max-video-preview":"max-video-preview:-1"},"canonical":"https:\/\/www.kraemer-druck.de\/en\/kraemer-druck-unterstuetzt-regionale-aufforstungsinitiative\/","og_locale":"en_GB","og_type":"article","og_title":"Wir pflanzen B\u00e4ume f\u00fcr den regionalen Wald | Kr\u00e4mer Druck \u2013\u00a0Etikettendruckerei an der Mosel","og_description":"Unser Preisgeld des \u201eMoselhelden\u201c-Preises haben wir verdoppelt und davon B\u00e4ume f\u00fcr eine Versuchsfl\u00e4che im Lieserer Wald gespendet.","og_url":"https:\/\/www.kraemer-druck.de\/en\/kraemer-druck-unterstuetzt-regionale-aufforstungsinitiative\/","og_site_name":"Kr\u00e4mer Druck \u2013\u00a0Etikettendruckerei an der Mosel","article_publisher":"https:\/\/www.facebook.com\/KraemerDruck","article_published_time":"2024-07-25T07:32:53+00:00","article_modified_time":"2026-08-31T14:28:17+00:00","og_image":[{"width":1920,"height":1280,"url":"https:\/\/www.kraemer-druck.de\/wp-content\/uploads\/2024\/07\/KraemerDruck-pflanzt_Baeume.jpg","type":"image\/jpeg"}],"author":"kraemerdruck","twitter_card":"summary_large_image","twitter_misc":{"Written by":"kraemerdruck","Estimated reading time":"5 minutes"},"schema":{"@context":"https:\/\/schema.org","@graph":[{"@type":"Article","@id":"https:\/\/www.kraemer-druck.de\/kraemer-druck-unterstuetzt-regionale-aufforstungsinitiative\/#article","isPartOf":{"@id":"https:\/\/www.kraemer-druck.de\/kraemer-druck-unterstuetzt-regionale-aufforstungsinitiative\/"},"author":{"name":"kraemerdruck","@id":"https:\/\/www.kraemer-druck.de\/#\/schema\/person\/90ab76f26bd85bca3bc5174c45df51f4"},"headline":"Wir pflanzen B\u00e4ume f\u00fcr den regionalen Wald","datePublished":"2024-07-25T07:32:53+00:00","dateModified":"2026-08-31T14:28:17+00:00","mainEntityOfPage":{"@id":"https:\/\/www.kraemer-druck.de\/kraemer-druck-unterstuetzt-regionale-aufforstungsinitiative\/"},"wordCount":832,"publisher":{"@id":"https:\/\/www.kraemer-druck.de\/#organization"},"image":{"@id":"https:\/\/www.kraemer-druck.de\/kraemer-druck-unterstuetzt-regionale-aufforstungsinitiative\/#primaryimage"},"thumbnailUrl":"https:\/\/www.kraemer-druck.de\/wp-content\/uploads\/2024\/07\/KraemerDruck-pflanzt_Baeume.jpg","articleSection":["Nachhaltigkeit","Regionales"],"inLanguage":"en-GB"},{"@type":"WebPage","@id":"https:\/\/www.kraemer-druck.de\/kraemer-druck-unterstuetzt-regionale-aufforstungsinitiative\/","url":"https:\/\/www.kraemer-druck.de\/kraemer-druck-unterstuetzt-regionale-aufforstungsinitiative\/","name":"Wir pflanzen B\u00e4ume f\u00fcr den regionalen Wald | Kr\u00e4mer Druck \u2013\u00a0Etikettendruckerei an der Mosel","isPartOf":{"@id":"https:\/\/www.kraemer-druck.de\/#website"},"primaryImageOfPage":{"@id":"https:\/\/www.kraemer-druck.de\/kraemer-druck-unterstuetzt-regionale-aufforstungsinitiative\/#primaryimage"},"image":{"@id":"https:\/\/www.kraemer-druck.de\/kraemer-druck-unterstuetzt-regionale-aufforstungsinitiative\/#primaryimage"},"thumbnailUrl":"https:\/\/www.kraemer-druck.de\/wp-content\/uploads\/2024\/07\/KraemerDruck-pflanzt_Baeume.jpg","datePublished":"2024-07-25T07:32:53+00:00","dateModified":"2026-08-31T14:28:17+00:00","description":"Unser Preisgeld des \u201eMoselhelden\u201c-Preises haben wir verdoppelt und davon B\u00e4ume f\u00fcr eine Versuchsfl\u00e4che im Lieserer Wald gespendet.","breadcrumb":{"@id":"https:\/\/www.kraemer-druck.de\/kraemer-druck-unterstuetzt-regionale-aufforstungsinitiative\/#breadcrumb"},"inLanguage":"en-GB","potentialAction":[{"@type":"ReadAction","target":["https:\/\/www.kraemer-druck.de\/kraemer-druck-unterstuetzt-regionale-aufforstungsinitiative\/"]}]},{"@type":"ImageObject","inLanguage":"en-GB","@id":"https:\/\/www.kraemer-druck.de\/kraemer-druck-unterstuetzt-regionale-aufforstungsinitiative\/#primaryimage","url":"https:\/\/www.kraemer-druck.de\/wp-content\/uploads\/2024\/07\/KraemerDruck-pflanzt_Baeume.jpg","contentUrl":"https:\/\/www.kraemer-druck.de\/wp-content\/uploads\/2024\/07\/KraemerDruck-pflanzt_Baeume.jpg","width":1920,"height":1280},{"@type":"BreadcrumbList","@id":"https:\/\/www.kraemer-druck.de\/kraemer-druck-unterstuetzt-regionale-aufforstungsinitiative\/#breadcrumb","itemListElement":[{"@type":"ListItem","position":1,"name":"Startseite","item":"https:\/\/www.kraemer-druck.de\/"},{"@type":"ListItem","position":2,"name":"Wir pflanzen B\u00e4ume f\u00fcr den regionalen Wald"}]},{"@type":"WebSite","@id":"https:\/\/www.kraemer-druck.de\/#website","url":"https:\/\/www.kraemer-druck.de\/","name":"Etikettendruckerei Kr\u00e4mer Druck","description":"Etiketten f\u00fcr die Wein-, Sekt- und Spirituosenbranche","publisher":{"@id":"https:\/\/www.kraemer-druck.de\/#organization"},"alternateName":"Etikettendruckerei","potentialAction":[{"@type":"SearchAction","target":{"@type":"EntryPoint","urlTemplate":"https:\/\/www.kraemer-druck.de\/?s={search_term_string}"},"query-input":{"@type":"PropertyValueSpecification","valueRequired":true,"valueName":"search_term_string"}}],"inLanguage":"en-GB"},{"@type":"Organization","@id":"https:\/\/www.kraemer-druck.de\/#organization","name":"Kr\u00e4mer Druck \u2013\u00a0Etikettendruckerei an der Mosel","alternateName":"Kr\u00e4mer Druck GmbH","url":"https:\/\/www.kraemer-druck.de\/","logo":{"@type":"ImageObject","inLanguage":"en-GB","@id":"https:\/\/www.kraemer-druck.de\/#\/schema\/logo\/image\/","url":"https:\/\/www.kraemer-druck.de\/wp-content\/uploads\/2023\/08\/Logo_.png","contentUrl":"https:\/\/www.kraemer-druck.de\/wp-content\/uploads\/2023\/08\/Logo_.png","width":3175,"height":730,"caption":"Kr\u00e4mer Druck \u2013\u00a0Etikettendruckerei an der Mosel"},"image":{"@id":"https:\/\/www.kraemer-druck.de\/#\/schema\/logo\/image\/"},"sameAs":["https:\/\/www.facebook.com\/KraemerDruck","https:\/\/www.instagram.com\/kraemer_druck","https:\/\/www.youtube.com\/@kraemerdruck","https:\/\/www.linkedin.com\/company\/kraemerdruck\/"]},{"@type":"Person","@id":"https:\/\/www.kraemer-druck.de\/#\/schema\/person\/90ab76f26bd85bca3bc5174c45df51f4","name":"kraemerdruck","image":{"@type":"ImageObject","inLanguage":"en-GB","@id":"https:\/\/secure.gravatar.com\/avatar\/995633c2ffc8bd6ce4d9bf2d84e02ad808c5b16d146b0e3c48f20f833fd24c35?s=96&d=mm&r=g","url":"https:\/\/secure.gravatar.com\/avatar\/995633c2ffc8bd6ce4d9bf2d84e02ad808c5b16d146b0e3c48f20f833fd24c35?s=96&d=mm&r=g","contentUrl":"https:\/\/secure.gravatar.com\/avatar\/995633c2ffc8bd6ce4d9bf2d84e02ad808c5b16d146b0e3c48f20f833fd24c35?s=96&d=mm&r=g","caption":"kraemerdruck"},"sameAs":["https:\/\/www.kraemer-druck.de"]}]}},"_links":{"self":[{"href":"https:\/\/www.kraemer-druck.de\/en\/wp-json\/wp\/v2\/posts\/4279","targetHints":{"allow":["GET"]}}],"collection":[{"href":"https:\/\/www.kraemer-druck.de\/en\/wp-json\/wp\/v2\/posts"}],"about":[{"href":"https:\/\/www.kraemer-druck.de\/en\/wp-json\/wp\/v2\/types\/post"}],"author":[{"embeddable":true,"href":"https:\/\/www.kraemer-druck.de\/en\/wp-json\/wp\/v2\/users\/1"}],"replies":[{"embeddable":true,"href":"https:\/\/www.kraemer-druck.de\/en\/wp-json\/wp\/v2\/comments?post=4279"}],"version-history":[{"count":53,"href":"https:\/\/www.kraemer-druck.de\/en\/wp-json\/wp\/v2\/posts\/4279\/revisions"}],"predecessor-version":[{"id":8138,"href":"https:\/\/www.kraemer-druck.de\/en\/wp-json\/wp\/v2\/posts\/4279\/revisions\/8138"}],"wp:featuredmedia":[{"embeddable":true,"href":"https:\/\/www.kraemer-druck.de\/en\/wp-json\/wp\/v2\/media\/3732"}],"wp:attachment":[{"href":"https:\/\/www.kraemer-druck.de\/en\/wp-json\/wp\/v2\/media?parent=4279"}],"wp:term":[{"taxonomy":"category","embeddable":true,"href":"https:\/\/www.kraemer-druck.de\/en\/wp-json\/wp\/v2\/categories?post=4279"},{"taxonomy":"post_tag","embeddable":true,"href":"https:\/\/www.kraemer-druck.de\/en\/wp-json\/wp\/v2\/tags?post=4279"}],"curies":[{"name":"wp","href":"https:\/\/api.w.org\/{rel}","templated":true}]}}