{"id":3794,"date":"2023-01-30T13:50:02","date_gmt":"2023-01-30T12:50:02","guid":{"rendered":"https:\/\/entwicklung.kraemer-druck.de\/?p=3794"},"modified":"2026-08-20T15:29:30","modified_gmt":"2026-08-20T13:29:30","slug":"kraemer-druck-gewinnt-nachhaltigkeitspreis-rheinhessen","status":"publish","type":"post","link":"https:\/\/www.kraemer-druck.de\/en\/kraemer-druck-gewinnt-nachhaltigkeitspreis-rheinhessen\/","title":{"rendered":"Kr\u00e4mer Druck wins the Rheinhessen Sustainability Award"},"content":{"rendered":"<div data-elementor-type=\"wp-post\" data-elementor-id=\"3794\" class=\"elementor elementor-3794\" data-elementor-post-type=\"post\">\n\t\t\t\t<div class=\"elementor-element elementor-element-8059317 e-flex e-con-boxed e-con e-parent\" data-id=\"8059317\" data-element_type=\"container\" data-e-type=\"container\" id=\"header\">\n\t\t\t\t\t<div class=\"e-con-inner\">\n\t\t\t\t<div class=\"elementor-element elementor-element-4e2b174 elementor-widget elementor-widget-image\" data-id=\"4e2b174\" data-element_type=\"widget\" data-e-type=\"widget\" data-widget_type=\"image.default\">\n\t\t\t\t<div class=\"elementor-widget-container\">\n\t\t\t\t\t\t\t\t\t\t\t\t\t\t\t<img fetchpriority=\"high\" decoding=\"async\" width=\"800\" height=\"450\" src=\"https:\/\/www.kraemer-druck.de\/wp-content\/uploads\/2024\/07\/KD_Papipertraegerbandrecycling_Preis_fuer_Nachaltigkeit-1024x576.webp\" class=\"attachment-large size-large wp-image-3807 not-transparent\" alt=\"\" srcset=\"https:\/\/www.kraemer-druck.de\/wp-content\/uploads\/2024\/07\/KD_Papipertraegerbandrecycling_Preis_fuer_Nachaltigkeit-1024x576.webp 1024w, https:\/\/www.kraemer-druck.de\/wp-content\/uploads\/2024\/07\/KD_Papipertraegerbandrecycling_Preis_fuer_Nachaltigkeit-300x169.webp 300w, https:\/\/www.kraemer-druck.de\/wp-content\/uploads\/2024\/07\/KD_Papipertraegerbandrecycling_Preis_fuer_Nachaltigkeit-768x432.webp 768w, https:\/\/www.kraemer-druck.de\/wp-content\/uploads\/2024\/07\/KD_Papipertraegerbandrecycling_Preis_fuer_Nachaltigkeit-1536x864.webp 1536w, https:\/\/www.kraemer-druck.de\/wp-content\/uploads\/2024\/07\/KD_Papipertraegerbandrecycling_Preis_fuer_Nachaltigkeit-jpg.webp 1920w\" sizes=\"(max-width: 800px) 100vw, 800px\" data-has-transparency=\"false\" data-dominant-color=\"cfbba8\" style=\"--dominant-color: #cfbba8\" \/>\t\t\t\t\t\t\t\t\t\t\t\t\t\t\t<\/div>\n\t\t\t\t<\/div>\n\t\t\t\t\t<\/div>\n\t\t\t\t<\/div>\n\t\t<div class=\"elementor-element elementor-element-29f60ef e-flex e-con-boxed e-con e-parent\" data-id=\"29f60ef\" data-element_type=\"container\" data-e-type=\"container\">\n\t\t\t\t\t<div class=\"e-con-inner\">\n\t\t\t\t<div class=\"elementor-element elementor-element-21084dc elementor-widget elementor-widget-heading\" data-id=\"21084dc\" data-element_type=\"widget\" data-e-type=\"widget\" data-widget_type=\"heading.default\">\n\t\t\t\t<div class=\"elementor-widget-container\">\n\t\t\t\t\t<h1 class=\"elementor-heading-title elementor-size-default\">Kr\u00e4mer Druck wins the Rheinhessen Sustainability Award<\/h1>\t\t\t\t<\/div>\n\t\t\t\t<\/div>\n\t\t\t\t<div class=\"elementor-element elementor-element-493f2b0 elementor-align-left elementor-widget elementor-widget-post-info\" data-id=\"493f2b0\" data-element_type=\"widget\" data-e-type=\"widget\" data-widget_type=\"post-info.default\">\n\t\t\t\t<div class=\"elementor-widget-container\">\n\t\t\t\t\t\t\t<ul class=\"elementor-inline-items elementor-icon-list-items elementor-post-info\">\n\t\t\t\t\t\t\t\t<li class=\"elementor-icon-list-item elementor-repeater-item-2595ec3 elementor-inline-item\" itemprop=\"datePublished\">\n\t\t\t\t\t\t\t\t\t\t\t\t\t<span class=\"elementor-icon-list-text elementor-post-info__item elementor-post-info__item--type-date\">\n\t\t\t\t\t\t\t\t\t\t<time>30. January 2023<\/time>\t\t\t\t\t<\/span>\n\t\t\t\t\t\t\t\t<\/li>\n\t\t\t\t<li class=\"elementor-icon-list-item elementor-repeater-item-1c41e4e elementor-inline-item\" itemprop=\"about\">\n\t\t\t\t\t\t\t\t\t\t\t\t\t<span class=\"elementor-icon-list-text elementor-post-info__item elementor-post-info__item--type-terms\">\n\t\t\t\t\t\t\t<span class=\"elementor-post-info__item-prefix\">Category<\/span>\n\t\t\t\t\t\t\t\t\t\t<span class=\"elementor-post-info__terms-list\">\n\t\t\t\t<a href=\"https:\/\/www.kraemer-druck.de\/en\/category\/nachhaltigkeit\/\" class=\"elementor-post-info__terms-list-item\">Sustainability<\/a>\t\t\t\t<\/span>\n\t\t\t\t\t<\/span>\n\t\t\t\t\t\t\t\t<\/li>\n\t\t\t\t<\/ul>\n\t\t\t\t\t\t<\/div>\n\t\t\t\t<\/div>\n\t\t\t\t<div class=\"elementor-element elementor-element-6baaa40 elementor-widget elementor-widget-text-editor\" data-id=\"6baaa40\" data-element_type=\"widget\" data-e-type=\"widget\" data-widget_type=\"text-editor.default\">\n\t\t\t\t<div class=\"elementor-widget-container\">\n\t\t\t\t\t\t\t\t\t<p><strong>We were very proud to receive the Rheinhessen Sustainability Award in the open category at the AgrarWinterTage in Mainz.\u00a0<\/strong><\/p><p>Hier das Urteil der Fachjury: \u201eDie Firma Kr\u00e4mer Druck \u00fcberzeugte die Jury mit ihrer Bewerbung zum Recycling der Etiketten-Tr\u00e4gerb\u00e4nder. Das Tr\u00e4germaterial f\u00fcr Selbstklebe-Etiketten verursacht in den Weing\u00fctern immense Mengen an Abfall, der, da es sich um beschichtetes Material handelt, im Restm\u00fcll entsorgt werden m\u00fcsste. Kr\u00e4mer Druck stellt den Betrieben kostenlos R\u00fccktransportkartons auf entsprechenden Halbpaletten f\u00fcr die Tr\u00e4gerb\u00e4nder zur Verf\u00fcgung, sodass der Arbeitsaufwand f\u00fcr die Weiterverwertung bzw. R\u00fcckf\u00fchrung des Abfallprodukts effizient gehalten wird. Die Kunden tragen lediglich die R\u00fcckversandkosten. Nach dem Versand f\u00fchrt Kr\u00e4mer Druck diese sortenrein dem Recyclingkreislauf f\u00fcr spezielle Papiere (z. B. f\u00fcr Magazine) und somit weiteren Recyclingkreisl\u00e4ufen zu.\u201c<\/p>\t\t\t\t\t\t\t\t<\/div>\n\t\t\t\t<\/div>\n\t\t\t\t<div class=\"elementor-element elementor-element-093432e elementor-widget elementor-widget-video\" data-id=\"093432e\" data-element_type=\"widget\" data-e-type=\"widget\" data-settings=\"{&quot;youtube_url&quot;:&quot;https:\\\/\\\/youtu.be\\\/gT6iOFUf1UQ&quot;,&quot;yt_privacy&quot;:&quot;yes&quot;,&quot;lazy_load&quot;:&quot;yes&quot;,&quot;video_type&quot;:&quot;youtube&quot;,&quot;controls&quot;:&quot;yes&quot;}\" data-widget_type=\"video.default\">\n\t\t\t\t<div class=\"elementor-widget-container\">\n\t\t\t\t\t\t\t<div class=\"elementor-wrapper elementor-open-inline\">\n\t\t\t<div class=\"elementor-video\"><\/div>\t\t<\/div>\n\t\t\t\t\t\t<\/div>\n\t\t\t\t<\/div>\n\t\t\t\t\t<\/div>\n\t\t\t\t<\/div>\n\t\t<div class=\"elementor-element elementor-element-9d2d9ee e-flex e-con-boxed e-con e-parent\" data-id=\"9d2d9ee\" data-element_type=\"container\" data-e-type=\"container\">\n\t\t\t\t\t<div class=\"e-con-inner\">\n\t\t\t\t<div class=\"elementor-element elementor-element-363ba3d elementor-widget elementor-widget-text-editor\" data-id=\"363ba3d\" data-element_type=\"widget\" data-e-type=\"widget\" data-widget_type=\"text-editor.default\">\n\t\t\t\t<div class=\"elementor-widget-container\">\n\t\t\t\t\t\t\t\t\t<p>Are you a customer and would also like to participate in paper carrier tape recycling? <br \/><b>Click here for more information:<\/b><\/p>\t\t\t\t\t\t\t\t<\/div>\n\t\t\t\t<\/div>\n\t\t\t\t<div class=\"elementor-element elementor-element-ac6a16c elementor-align-left elementor-widget elementor-widget-button\" data-id=\"ac6a16c\" data-element_type=\"widget\" data-e-type=\"widget\" data-widget_type=\"button.default\">\n\t\t\t\t<div class=\"elementor-widget-container\">\n\t\t\t\t\t\t\t\t\t<div class=\"elementor-button-wrapper\">\n\t\t\t\t\t<a class=\"elementor-button elementor-button-link elementor-size-sm\" href=\"\/en\/papiertraegerbandrecycling\/\">\n\t\t\t\t\t\t<span class=\"elementor-button-content-wrapper\">\n\t\t\t\t\t\t<span class=\"elementor-button-icon\">\n\t\t\t\t<svg xmlns=\"http:\/\/www.w3.org\/2000\/svg\" id=\"a\" width=\"32.11mm\" height=\"27.65mm\" viewbox=\"0 0 91.03 78.37\"><path d=\"M81.73,35.53c-2.05-2.12-4.08-4.27-6.16-6.35-7.86-7.88-15.74-15.74-23.62-23.61-.56-.56-1.38-1.04-1.58-1.71-.37-1.22-.36-2.56-.51-3.85,1.29.12,2.99-.23,3.8.45,2.79,2.36,5.27,5.09,7.86,7.68,9.17,9.16,18.29,18.39,27.55,27.46,2.51,2.46,2.67,4.28.08,6.83-11.67,11.49-23.15,23.15-34.83,34.62-.94.92-3.42,1.68-4.17,1.13-2.05-1.49-.6-3.16.77-4.53,9.35-9.35,18.71-18.71,28.04-28.08.97-.98,1.85-2.05,3.66-4.08-3.1,0-4.99,0-6.88,0-23.45,0-46.89.02-70.34-.04-2.03,0-5.29.99-5.4-2.19-.12-3.58,3.3-2.58,5.44-2.59,23.18-.06,46.37-.03,69.56-.03,2.06,0,4.13,0,6.19,0,.18-.37.36-.75.54-1.12Z\" fill=\"#fff\" stroke-width=\"0\"><\/path><\/svg>\t\t\t<\/span>\n\t\t\t\t\t\t\t\t\t<span class=\"elementor-button-text\">Learn more about the project<\/span>\n\t\t\t\t\t<\/span>\n\t\t\t\t\t<\/a>\n\t\t\t\t<\/div>\n\t\t\t\t\t\t\t\t<\/div>\n\t\t\t\t<\/div>\n\t\t\t\t\t<\/div>\n\t\t\t\t<\/div>\n\t\t<div class=\"elementor-element elementor-element-1bfd372 e-flex e-con-boxed e-con e-parent\" data-id=\"1bfd372\" data-element_type=\"container\" data-e-type=\"container\" data-settings=\"{&quot;background_background&quot;:&quot;classic&quot;}\">\n\t\t\t\t\t<div class=\"e-con-inner\">\n\t\t<div class=\"elementor-element elementor-element-ace666a e-con-full e-flex e-con e-child\" data-id=\"ace666a\" data-element_type=\"container\" data-e-type=\"container\">\n\t\t\t\t<div class=\"elementor-element elementor-element-97b1b64 elementor-widget elementor-widget-text-editor\" data-id=\"97b1b64\" data-element_type=\"widget\" data-e-type=\"widget\" data-widget_type=\"text-editor.default\">\n\t\t\t\t<div class=\"elementor-widget-container\">\n\t\t\t\t\t\t\t\t\t<p><strong>Share this post:<\/strong><\/p>\t\t\t\t\t\t\t\t<\/div>\n\t\t\t\t<\/div>\n\t\t\t\t<div class=\"elementor-element elementor-element-0f853a6 elementor-share-buttons--skin-minimal elementor-share-buttons--shape-circle elementor-share-buttons--color-custom elementor-share-buttons--view-icon-text elementor-grid-0 elementor-widget elementor-widget-share-buttons\" data-id=\"0f853a6\" data-element_type=\"widget\" data-e-type=\"widget\" data-widget_type=\"share-buttons.default\">\n\t\t\t\t<div class=\"elementor-widget-container\">\n\t\t\t\t\t\t\t<div class=\"elementor-grid\" role=\"list\">\n\t\t\t\t\t\t\t\t<div class=\"elementor-grid-item\" role=\"listitem\">\n\t\t\t\t\t\t<div class=\"elementor-share-btn elementor-share-btn_facebook\" role=\"button\" tabindex=\"0\" aria-label=\"Teilen auf facebook\" data-no-translation-aria-label=\"\">\n\t\t\t\t\t\t\t\t\t\t\t\t\t\t\t<span class=\"elementor-share-btn__icon\">\n\t\t\t\t\t\t\t\t<svg aria-hidden=\"true\" class=\"e-font-icon-svg e-fab-facebook\" viewbox=\"0 0 512 512\" xmlns=\"http:\/\/www.w3.org\/2000\/svg\"><path d=\"M504 256C504 119 393 8 256 8S8 119 8 256c0 123.78 90.69 226.38 209.25 245V327.69h-63V256h63v-54.64c0-62.15 37-96.48 93.67-96.48 27.14 0 55.52 4.84 55.52 4.84v61h-31.28c-30.8 0-40.41 19.12-40.41 38.73V256h68.78l-11 71.69h-57.78V501C413.31 482.38 504 379.78 504 256z\"><\/path><\/svg>\t\t\t\t\t\t\t<\/span>\n\t\t\t\t\t\t\t\t\t\t\t\t\t\t\t\t\t\t\t\t<\/div>\n\t\t\t\t\t<\/div>\n\t\t\t\t\t\t\t\t\t<div class=\"elementor-grid-item\" role=\"listitem\">\n\t\t\t\t\t\t<div class=\"elementor-share-btn elementor-share-btn_linkedin\" role=\"button\" tabindex=\"0\" aria-label=\"Teilen auf linkedin\" data-no-translation-aria-label=\"\">\n\t\t\t\t\t\t\t\t\t\t\t\t\t\t\t<span class=\"elementor-share-btn__icon\">\n\t\t\t\t\t\t\t\t<svg aria-hidden=\"true\" class=\"e-font-icon-svg e-fab-linkedin\" viewbox=\"0 0 448 512\" xmlns=\"http:\/\/www.w3.org\/2000\/svg\"><path d=\"M416 32H31.9C14.3 32 0 46.5 0 64.3v383.4C0 465.5 14.3 480 31.9 480H416c17.6 0 32-14.5 32-32.3V64.3c0-17.8-14.4-32.3-32-32.3zM135.4 416H69V202.2h66.5V416zm-33.2-243c-21.3 0-38.5-17.3-38.5-38.5S80.9 96 102.2 96c21.2 0 38.5 17.3 38.5 38.5 0 21.3-17.2 38.5-38.5 38.5zm282.1 243h-66.4V312c0-24.8-.5-56.7-34.5-56.7-34.6 0-39.9 27-39.9 54.9V416h-66.4V202.2h63.7v29.2h.9c8.9-16.8 30.6-34.5 62.9-34.5 67.2 0 79.7 44.3 79.7 101.9V416z\"><\/path><\/svg>\t\t\t\t\t\t\t<\/span>\n\t\t\t\t\t\t\t\t\t\t\t\t\t\t\t\t\t\t\t\t<\/div>\n\t\t\t\t\t<\/div>\n\t\t\t\t\t\t\t\t\t<div class=\"elementor-grid-item\" role=\"listitem\">\n\t\t\t\t\t\t<div class=\"elementor-share-btn elementor-share-btn_whatsapp\" role=\"button\" tabindex=\"0\" aria-label=\"Teilen auf whatsapp\" data-no-translation-aria-label=\"\">\n\t\t\t\t\t\t\t\t\t\t\t\t\t\t\t<span class=\"elementor-share-btn__icon\">\n\t\t\t\t\t\t\t\t<svg aria-hidden=\"true\" class=\"e-font-icon-svg e-fab-whatsapp\" viewbox=\"0 0 448 512\" xmlns=\"http:\/\/www.w3.org\/2000\/svg\"><path d=\"M380.9 97.1C339 55.1 283.2 32 223.9 32c-122.4 0-222 99.6-222 222 0 39.1 10.2 77.3 29.6 111L0 480l117.7-30.9c32.4 17.7 68.9 27 106.1 27h.1c122.3 0 224.1-99.6 224.1-222 0-59.3-25.2-115-67.1-157zm-157 341.6c-33.2 0-65.7-8.9-94-25.7l-6.7-4-69.8 18.3L72 359.2l-4.4-7c-18.5-29.4-28.2-63.3-28.2-98.2 0-101.7 82.8-184.5 184.6-184.5 49.3 0 95.6 19.2 130.4 54.1 34.8 34.9 56.2 81.2 56.1 130.5 0 101.8-84.9 184.6-186.6 184.6zm101.2-138.2c-5.5-2.8-32.8-16.2-37.9-18-5.1-1.9-8.8-2.8-12.5 2.8-3.7 5.6-14.3 18-17.6 21.8-3.2 3.7-6.5 4.2-12 1.4-32.6-16.3-54-29.1-75.5-66-5.7-9.8 5.7-9.1 16.3-30.3 1.8-3.7.9-6.9-.5-9.7-1.4-2.8-12.5-30.1-17.1-41.2-4.5-10.8-9.1-9.3-12.5-9.5-3.2-.2-6.9-.2-10.6-.2-3.7 0-9.7 1.4-14.8 6.9-5.1 5.6-19.4 19-19.4 46.3 0 27.3 19.9 53.7 22.6 57.4 2.8 3.7 39.1 59.7 94.8 83.8 35.2 15.2 49 16.5 66.6 13.9 10.7-1.6 32.8-13.4 37.4-26.4 4.6-13 4.6-24.1 3.2-26.4-1.3-2.5-5-3.9-10.5-6.6z\"><\/path><\/svg>\t\t\t\t\t\t\t<\/span>\n\t\t\t\t\t\t\t\t\t\t\t\t\t\t\t\t\t\t\t\t<\/div>\n\t\t\t\t\t<\/div>\n\t\t\t\t\t\t<\/div>\n\t\t\t\t\t\t<\/div>\n\t\t\t\t<\/div>\n\t\t\t\t<\/div>\n\t\t\t\t\t<\/div>\n\t\t\t\t<\/div>\n\t\t<div class=\"elementor-element elementor-element-a3cfaa0 e-flex e-con-boxed e-con e-parent\" data-id=\"a3cfaa0\" data-element_type=\"container\" data-e-type=\"container\" data-settings=\"{&quot;background_background&quot;:&quot;classic&quot;}\">\n\t\t\t\t\t<div class=\"e-con-inner\">\n\t\t\t\t<div class=\"elementor-element elementor-element-d88de8c elementor-widget-divider--view-line elementor-widget elementor-widget-divider\" data-id=\"d88de8c\" data-element_type=\"widget\" data-e-type=\"widget\" data-widget_type=\"divider.default\">\n\t\t\t\t<div class=\"elementor-widget-container\">\n\t\t\t\t\t\t\t<div class=\"elementor-divider\">\n\t\t\t<span class=\"elementor-divider-separator\">\n\t\t\t\t\t\t<\/span>\n\t\t<\/div>\n\t\t\t\t\t\t<\/div>\n\t\t\t\t<\/div>\n\t\t\t\t<div class=\"elementor-element elementor-element-3b07528 elementor-widget elementor-widget-post-navigation\" data-id=\"3b07528\" data-element_type=\"widget\" data-e-type=\"widget\" data-widget_type=\"post-navigation.default\">\n\t\t\t\t<div class=\"elementor-widget-container\">\n\t\t\t\t\t\t\t<div class=\"elementor-post-navigation\" role=\"navigation\" aria-label=\"Post Navigation\">\n\t\t\t<div class=\"elementor-post-navigation__prev elementor-post-navigation__link\">\n\t\t\t\t<a href=\"https:\/\/www.kraemer-druck.de\/en\/ehrung-fuer-langjaehrige-mitarbeitende\/\" rel=\"prev\"><span class=\"post-navigation__arrow-wrapper post-navigation__arrow-prev\"><svg aria-hidden=\"true\" class=\"e-font-icon-svg e-fas-angle-left\" viewbox=\"0 0 256 512\" xmlns=\"http:\/\/www.w3.org\/2000\/svg\"><path d=\"M31.7 239l136-136c9.4-9.4 24.6-9.4 33.9 0l22.6 22.6c9.4 9.4 9.4 24.6 0 33.9L127.9 256l96.4 96.4c9.4 9.4 9.4 24.6 0 33.9L201.7 409c-9.4 9.4-24.6 9.4-33.9 0l-136-136c-9.5-9.4-9.5-24.6-.1-34z\"><\/path><\/svg><span class=\"elementor-screen-only\">Prev<\/span><\/span><span class=\"elementor-post-navigation__link__prev\"><span class=\"post-navigation__prev--label\">Previous post<\/span><span class=\"post-navigation__prev--title\">Honouring long-standing employees<\/span><\/span><\/a>\t\t\t<\/div>\n\t\t\t\t\t\t<div class=\"elementor-post-navigation__next elementor-post-navigation__link\">\n\t\t\t\t<a href=\"https:\/\/www.kraemer-druck.de\/en\/kramer-druck-ist-fairn-green-wertschopfungspartner\/\" rel=\"next\"><span class=\"elementor-post-navigation__link__next\"><span class=\"post-navigation__next--label\">Next post<\/span><span class=\"post-navigation__next--title\">Kr\u00e4mer Druck is now a certified Fair'n Green value chain partner<\/span><\/span><span class=\"post-navigation__arrow-wrapper post-navigation__arrow-next\"><svg aria-hidden=\"true\" class=\"e-font-icon-svg e-fas-angle-right\" viewbox=\"0 0 256 512\" xmlns=\"http:\/\/www.w3.org\/2000\/svg\"><path d=\"M224.3 273l-136 136c-9.4 9.4-24.6 9.4-33.9 0l-22.6-22.6c-9.4-9.4-9.4-24.6 0-33.9l96.4-96.4-96.4-96.4c-9.4-9.4-9.4-24.6 0-33.9L54.3 103c9.4-9.4 24.6-9.4 33.9 0l136 136c9.5 9.4 9.5 24.6.1 34z\"><\/path><\/svg><span class=\"elementor-screen-only\">Next<\/span><\/span><\/a>\t\t\t<\/div>\n\t\t<\/div>\n\t\t\t\t\t\t<\/div>\n\t\t\t\t<\/div>\n\t\t\t\t\t<\/div>\n\t\t\t\t<\/div>\n\t\t\t\t<\/div>","protected":false},"excerpt":{"rendered":"<p>We were proud to receive the Rheinhessen Sustainability Award in the open category at the AgrarWinterTage in Mainz. Read the article to find out what motivated the jury to honour us.<\/p>","protected":false},"author":1,"featured_media":3698,"comment_status":"closed","ping_status":"open","sticky":false,"template":"","format":"standard","meta":{"footnotes":""},"categories":[20],"tags":[],"class_list":["post-3794","post","type-post","status-publish","format-standard","has-post-thumbnail","hentry","category-nachhaltigkeit"],"yoast_head":"<!-- This site is optimized with the Yoast SEO plugin v28.3 - https:\/\/yoast.com\/product\/yoast-seo-wordpress\/ -->\n<title>Kr\u00e4mer Druck gewinnt Nachhaltigkeitspreis Rheinhessen | Kr\u00e4mer Druck \u2013\u00a0Etikettendruckerei an der Mosel<\/title>\n<meta name=\"description\" content=\"Mit stolz durften wir in Mainz den Nachhaltigkeitspreis Rheinhessen f\u00fcr unser Projekt Papiertr\u00e4gerbandrecycling entgegennehmen.\" \/>\n<meta name=\"robots\" content=\"index, follow, max-snippet:-1, max-image-preview:large, max-video-preview:-1\" \/>\n<link rel=\"canonical\" href=\"https:\/\/www.kraemer-druck.de\/en\/kraemer-druck-gewinnt-nachhaltigkeitspreis-rheinhessen\/\" \/>\n<meta property=\"og:locale\" content=\"en_GB\" \/>\n<meta property=\"og:type\" content=\"article\" \/>\n<meta property=\"og:title\" content=\"Kr\u00e4mer Druck gewinnt Nachhaltigkeitspreis Rheinhessen | Kr\u00e4mer Druck \u2013\u00a0Etikettendruckerei an der Mosel\" \/>\n<meta property=\"og:description\" content=\"Mit stolz durften wir in Mainz den Nachhaltigkeitspreis Rheinhessen f\u00fcr unser Projekt Papiertr\u00e4gerbandrecycling entgegennehmen.\" \/>\n<meta property=\"og:url\" content=\"https:\/\/www.kraemer-druck.de\/en\/kraemer-druck-gewinnt-nachhaltigkeitspreis-rheinhessen\/\" \/>\n<meta property=\"og:site_name\" content=\"Kr\u00e4mer Druck \u2013\u00a0Etikettendruckerei an der Mosel\" \/>\n<meta property=\"article:publisher\" content=\"https:\/\/www.facebook.com\/KraemerDruck\" \/>\n<meta property=\"article:published_time\" content=\"2023-01-30T12:50:02+00:00\" \/>\n<meta property=\"article:modified_time\" content=\"2026-08-20T13:29:30+00:00\" \/>\n<meta property=\"og:image\" content=\"https:\/\/www.kraemer-druck.de\/wp-content\/uploads\/2024\/07\/Kraemer_Druck_PreisfuerNachhaltigkeit_Rheinhessen-jpg.webp\" \/>\n\t<meta property=\"og:image:width\" content=\"767\" \/>\n\t<meta property=\"og:image:height\" content=\"767\" \/>\n\t<meta property=\"og:image:type\" content=\"image\/jpeg\" \/>\n<meta name=\"author\" content=\"kraemerdruck\" \/>\n<meta name=\"twitter:card\" content=\"summary_large_image\" \/>\n<meta name=\"twitter:label1\" content=\"Written by\" \/>\n\t<meta name=\"twitter:data1\" content=\"kraemerdruck\" \/>\n\t<meta name=\"twitter:label2\" content=\"Estimated reading time\" \/>\n\t<meta name=\"twitter:data2\" content=\"2 minutes\" \/>\n<script type=\"application\/ld+json\" class=\"yoast-schema-graph\">{\"@context\":\"https:\\\/\\\/schema.org\",\"@graph\":[{\"@type\":\"Article\",\"@id\":\"https:\\\/\\\/www.kraemer-druck.de\\\/kraemer-druck-gewinnt-nachhaltigkeitspreis-rheinhessen\\\/#article\",\"isPartOf\":{\"@id\":\"https:\\\/\\\/www.kraemer-druck.de\\\/kraemer-druck-gewinnt-nachhaltigkeitspreis-rheinhessen\\\/\"},\"author\":{\"name\":\"kraemerdruck\",\"@id\":\"https:\\\/\\\/www.kraemer-druck.de\\\/#\\\/schema\\\/person\\\/90ab76f26bd85bca3bc5174c45df51f4\"},\"headline\":\"Kr\u00e4mer Druck gewinnt Nachhaltigkeitspreis Rheinhessen\",\"datePublished\":\"2023-01-30T12:50:02+00:00\",\"dateModified\":\"2026-08-20T13:29:30+00:00\",\"mainEntityOfPage\":{\"@id\":\"https:\\\/\\\/www.kraemer-druck.de\\\/kraemer-druck-gewinnt-nachhaltigkeitspreis-rheinhessen\\\/\"},\"wordCount\":185,\"publisher\":{\"@id\":\"https:\\\/\\\/www.kraemer-druck.de\\\/#organization\"},\"image\":{\"@id\":\"https:\\\/\\\/www.kraemer-druck.de\\\/kraemer-druck-gewinnt-nachhaltigkeitspreis-rheinhessen\\\/#primaryimage\"},\"thumbnailUrl\":\"https:\\\/\\\/www.kraemer-druck.de\\\/wp-content\\\/uploads\\\/2024\\\/07\\\/Kraemer_Druck_PreisfuerNachhaltigkeit_Rheinhessen-jpg.webp\",\"articleSection\":[\"Nachhaltigkeit\"],\"inLanguage\":\"en-GB\"},{\"@type\":\"WebPage\",\"@id\":\"https:\\\/\\\/www.kraemer-druck.de\\\/kraemer-druck-gewinnt-nachhaltigkeitspreis-rheinhessen\\\/\",\"url\":\"https:\\\/\\\/www.kraemer-druck.de\\\/kraemer-druck-gewinnt-nachhaltigkeitspreis-rheinhessen\\\/\",\"name\":\"Kr\u00e4mer Druck gewinnt Nachhaltigkeitspreis Rheinhessen | Kr\u00e4mer Druck \u2013\u00a0Etikettendruckerei an der Mosel\",\"isPartOf\":{\"@id\":\"https:\\\/\\\/www.kraemer-druck.de\\\/#website\"},\"primaryImageOfPage\":{\"@id\":\"https:\\\/\\\/www.kraemer-druck.de\\\/kraemer-druck-gewinnt-nachhaltigkeitspreis-rheinhessen\\\/#primaryimage\"},\"image\":{\"@id\":\"https:\\\/\\\/www.kraemer-druck.de\\\/kraemer-druck-gewinnt-nachhaltigkeitspreis-rheinhessen\\\/#primaryimage\"},\"thumbnailUrl\":\"https:\\\/\\\/www.kraemer-druck.de\\\/wp-content\\\/uploads\\\/2024\\\/07\\\/Kraemer_Druck_PreisfuerNachhaltigkeit_Rheinhessen-jpg.webp\",\"datePublished\":\"2023-01-30T12:50:02+00:00\",\"dateModified\":\"2026-08-20T13:29:30+00:00\",\"description\":\"Mit stolz durften wir in Mainz den Nachhaltigkeitspreis Rheinhessen f\u00fcr unser Projekt Papiertr\u00e4gerbandrecycling entgegennehmen.\",\"breadcrumb\":{\"@id\":\"https:\\\/\\\/www.kraemer-druck.de\\\/kraemer-druck-gewinnt-nachhaltigkeitspreis-rheinhessen\\\/#breadcrumb\"},\"inLanguage\":\"en-GB\",\"potentialAction\":[{\"@type\":\"ReadAction\",\"target\":[\"https:\\\/\\\/www.kraemer-druck.de\\\/kraemer-druck-gewinnt-nachhaltigkeitspreis-rheinhessen\\\/\"]}]},{\"@type\":\"ImageObject\",\"inLanguage\":\"en-GB\",\"@id\":\"https:\\\/\\\/www.kraemer-druck.de\\\/kraemer-druck-gewinnt-nachhaltigkeitspreis-rheinhessen\\\/#primaryimage\",\"url\":\"https:\\\/\\\/www.kraemer-druck.de\\\/wp-content\\\/uploads\\\/2024\\\/07\\\/Kraemer_Druck_PreisfuerNachhaltigkeit_Rheinhessen-jpg.webp\",\"contentUrl\":\"https:\\\/\\\/www.kraemer-druck.de\\\/wp-content\\\/uploads\\\/2024\\\/07\\\/Kraemer_Druck_PreisfuerNachhaltigkeit_Rheinhessen-jpg.webp\",\"width\":767,\"height\":767},{\"@type\":\"BreadcrumbList\",\"@id\":\"https:\\\/\\\/www.kraemer-druck.de\\\/kraemer-druck-gewinnt-nachhaltigkeitspreis-rheinhessen\\\/#breadcrumb\",\"itemListElement\":[{\"@type\":\"ListItem\",\"position\":1,\"name\":\"Startseite\",\"item\":\"https:\\\/\\\/www.kraemer-druck.de\\\/\"},{\"@type\":\"ListItem\",\"position\":2,\"name\":\"Kr\u00e4mer Druck gewinnt Nachhaltigkeitspreis Rheinhessen\"}]},{\"@type\":\"WebSite\",\"@id\":\"https:\\\/\\\/www.kraemer-druck.de\\\/#website\",\"url\":\"https:\\\/\\\/www.kraemer-druck.de\\\/\",\"name\":\"Etikettendruckerei Kr\u00e4mer Druck\",\"description\":\"Etiketten f\u00fcr die Wein-, Sekt- und Spirituosenbranche\",\"publisher\":{\"@id\":\"https:\\\/\\\/www.kraemer-druck.de\\\/#organization\"},\"alternateName\":\"Etikettendruckerei\",\"potentialAction\":[{\"@type\":\"SearchAction\",\"target\":{\"@type\":\"EntryPoint\",\"urlTemplate\":\"https:\\\/\\\/www.kraemer-druck.de\\\/?s={search_term_string}\"},\"query-input\":{\"@type\":\"PropertyValueSpecification\",\"valueRequired\":true,\"valueName\":\"search_term_string\"}}],\"inLanguage\":\"en-GB\"},{\"@type\":\"Organization\",\"@id\":\"https:\\\/\\\/www.kraemer-druck.de\\\/#organization\",\"name\":\"Kr\u00e4mer Druck \u2013\u00a0Etikettendruckerei an der Mosel\",\"alternateName\":\"Kr\u00e4mer Druck GmbH\",\"url\":\"https:\\\/\\\/www.kraemer-druck.de\\\/\",\"logo\":{\"@type\":\"ImageObject\",\"inLanguage\":\"en-GB\",\"@id\":\"https:\\\/\\\/www.kraemer-druck.de\\\/#\\\/schema\\\/logo\\\/image\\\/\",\"url\":\"https:\\\/\\\/www.kraemer-druck.de\\\/wp-content\\\/uploads\\\/2023\\\/08\\\/Logo_.png\",\"contentUrl\":\"https:\\\/\\\/www.kraemer-druck.de\\\/wp-content\\\/uploads\\\/2023\\\/08\\\/Logo_.png\",\"width\":3175,\"height\":730,\"caption\":\"Kr\u00e4mer Druck \u2013\u00a0Etikettendruckerei an der Mosel\"},\"image\":{\"@id\":\"https:\\\/\\\/www.kraemer-druck.de\\\/#\\\/schema\\\/logo\\\/image\\\/\"},\"sameAs\":[\"https:\\\/\\\/www.facebook.com\\\/KraemerDruck\",\"https:\\\/\\\/www.instagram.com\\\/kraemer_druck\",\"https:\\\/\\\/www.youtube.com\\\/@kraemerdruck\",\"https:\\\/\\\/www.linkedin.com\\\/company\\\/kraemerdruck\\\/\"]},{\"@type\":\"Person\",\"@id\":\"https:\\\/\\\/www.kraemer-druck.de\\\/#\\\/schema\\\/person\\\/90ab76f26bd85bca3bc5174c45df51f4\",\"name\":\"kraemerdruck\",\"image\":{\"@type\":\"ImageObject\",\"inLanguage\":\"en-GB\",\"@id\":\"https:\\\/\\\/secure.gravatar.com\\\/avatar\\\/995633c2ffc8bd6ce4d9bf2d84e02ad808c5b16d146b0e3c48f20f833fd24c35?s=96&d=mm&r=g\",\"url\":\"https:\\\/\\\/secure.gravatar.com\\\/avatar\\\/995633c2ffc8bd6ce4d9bf2d84e02ad808c5b16d146b0e3c48f20f833fd24c35?s=96&d=mm&r=g\",\"contentUrl\":\"https:\\\/\\\/secure.gravatar.com\\\/avatar\\\/995633c2ffc8bd6ce4d9bf2d84e02ad808c5b16d146b0e3c48f20f833fd24c35?s=96&d=mm&r=g\",\"caption\":\"kraemerdruck\"},\"sameAs\":[\"https:\\\/\\\/www.kraemer-druck.de\"]}]}<\/script>\n<!-- \/ Yoast SEO plugin. -->","yoast_head_json":{"title":"Kr\u00e4mer Druck gewinnt Nachhaltigkeitspreis Rheinhessen | Kr\u00e4mer Druck \u2013\u00a0Etikettendruckerei an der Mosel","description":"Mit stolz durften wir in Mainz den Nachhaltigkeitspreis Rheinhessen f\u00fcr unser Projekt Papiertr\u00e4gerbandrecycling entgegennehmen.","robots":{"index":"index","follow":"follow","max-snippet":"max-snippet:-1","max-image-preview":"max-image-preview:large","max-video-preview":"max-video-preview:-1"},"canonical":"https:\/\/www.kraemer-druck.de\/en\/kraemer-druck-gewinnt-nachhaltigkeitspreis-rheinhessen\/","og_locale":"en_GB","og_type":"article","og_title":"Kr\u00e4mer Druck gewinnt Nachhaltigkeitspreis Rheinhessen | Kr\u00e4mer Druck \u2013\u00a0Etikettendruckerei an der Mosel","og_description":"Mit stolz durften wir in Mainz den Nachhaltigkeitspreis Rheinhessen f\u00fcr unser Projekt Papiertr\u00e4gerbandrecycling entgegennehmen.","og_url":"https:\/\/www.kraemer-druck.de\/en\/kraemer-druck-gewinnt-nachhaltigkeitspreis-rheinhessen\/","og_site_name":"Kr\u00e4mer Druck \u2013\u00a0Etikettendruckerei an der Mosel","article_publisher":"https:\/\/www.facebook.com\/KraemerDruck","article_published_time":"2023-01-30T12:50:02+00:00","article_modified_time":"2026-08-20T13:29:30+00:00","og_image":[{"width":767,"height":767,"url":"https:\/\/www.kraemer-druck.de\/wp-content\/uploads\/2024\/07\/Kraemer_Druck_PreisfuerNachhaltigkeit_Rheinhessen-jpg.webp","type":"image\/jpeg"}],"author":"kraemerdruck","twitter_card":"summary_large_image","twitter_misc":{"Written by":"kraemerdruck","Estimated reading time":"2 minutes"},"schema":{"@context":"https:\/\/schema.org","@graph":[{"@type":"Article","@id":"https:\/\/www.kraemer-druck.de\/kraemer-druck-gewinnt-nachhaltigkeitspreis-rheinhessen\/#article","isPartOf":{"@id":"https:\/\/www.kraemer-druck.de\/kraemer-druck-gewinnt-nachhaltigkeitspreis-rheinhessen\/"},"author":{"name":"kraemerdruck","@id":"https:\/\/www.kraemer-druck.de\/#\/schema\/person\/90ab76f26bd85bca3bc5174c45df51f4"},"headline":"Kr\u00e4mer Druck gewinnt Nachhaltigkeitspreis Rheinhessen","datePublished":"2023-01-30T12:50:02+00:00","dateModified":"2026-08-20T13:29:30+00:00","mainEntityOfPage":{"@id":"https:\/\/www.kraemer-druck.de\/kraemer-druck-gewinnt-nachhaltigkeitspreis-rheinhessen\/"},"wordCount":185,"publisher":{"@id":"https:\/\/www.kraemer-druck.de\/#organization"},"image":{"@id":"https:\/\/www.kraemer-druck.de\/kraemer-druck-gewinnt-nachhaltigkeitspreis-rheinhessen\/#primaryimage"},"thumbnailUrl":"https:\/\/www.kraemer-druck.de\/wp-content\/uploads\/2024\/07\/Kraemer_Druck_PreisfuerNachhaltigkeit_Rheinhessen-jpg.webp","articleSection":["Nachhaltigkeit"],"inLanguage":"en-GB"},{"@type":"WebPage","@id":"https:\/\/www.kraemer-druck.de\/kraemer-druck-gewinnt-nachhaltigkeitspreis-rheinhessen\/","url":"https:\/\/www.kraemer-druck.de\/kraemer-druck-gewinnt-nachhaltigkeitspreis-rheinhessen\/","name":"Kr\u00e4mer Druck gewinnt Nachhaltigkeitspreis Rheinhessen | Kr\u00e4mer Druck \u2013\u00a0Etikettendruckerei an der Mosel","isPartOf":{"@id":"https:\/\/www.kraemer-druck.de\/#website"},"primaryImageOfPage":{"@id":"https:\/\/www.kraemer-druck.de\/kraemer-druck-gewinnt-nachhaltigkeitspreis-rheinhessen\/#primaryimage"},"image":{"@id":"https:\/\/www.kraemer-druck.de\/kraemer-druck-gewinnt-nachhaltigkeitspreis-rheinhessen\/#primaryimage"},"thumbnailUrl":"https:\/\/www.kraemer-druck.de\/wp-content\/uploads\/2024\/07\/Kraemer_Druck_PreisfuerNachhaltigkeit_Rheinhessen-jpg.webp","datePublished":"2023-01-30T12:50:02+00:00","dateModified":"2026-08-20T13:29:30+00:00","description":"Mit stolz durften wir in Mainz den Nachhaltigkeitspreis Rheinhessen f\u00fcr unser Projekt Papiertr\u00e4gerbandrecycling entgegennehmen.","breadcrumb":{"@id":"https:\/\/www.kraemer-druck.de\/kraemer-druck-gewinnt-nachhaltigkeitspreis-rheinhessen\/#breadcrumb"},"inLanguage":"en-GB","potentialAction":[{"@type":"ReadAction","target":["https:\/\/www.kraemer-druck.de\/kraemer-druck-gewinnt-nachhaltigkeitspreis-rheinhessen\/"]}]},{"@type":"ImageObject","inLanguage":"en-GB","@id":"https:\/\/www.kraemer-druck.de\/kraemer-druck-gewinnt-nachhaltigkeitspreis-rheinhessen\/#primaryimage","url":"https:\/\/www.kraemer-druck.de\/wp-content\/uploads\/2024\/07\/Kraemer_Druck_PreisfuerNachhaltigkeit_Rheinhessen-jpg.webp","contentUrl":"https:\/\/www.kraemer-druck.de\/wp-content\/uploads\/2024\/07\/Kraemer_Druck_PreisfuerNachhaltigkeit_Rheinhessen-jpg.webp","width":767,"height":767},{"@type":"BreadcrumbList","@id":"https:\/\/www.kraemer-druck.de\/kraemer-druck-gewinnt-nachhaltigkeitspreis-rheinhessen\/#breadcrumb","itemListElement":[{"@type":"ListItem","position":1,"name":"Startseite","item":"https:\/\/www.kraemer-druck.de\/"},{"@type":"ListItem","position":2,"name":"Kr\u00e4mer Druck gewinnt Nachhaltigkeitspreis Rheinhessen"}]},{"@type":"WebSite","@id":"https:\/\/www.kraemer-druck.de\/#website","url":"https:\/\/www.kraemer-druck.de\/","name":"Etikettendruckerei Kr\u00e4mer Druck","description":"Etiketten f\u00fcr die Wein-, Sekt- und Spirituosenbranche","publisher":{"@id":"https:\/\/www.kraemer-druck.de\/#organization"},"alternateName":"Etikettendruckerei","potentialAction":[{"@type":"SearchAction","target":{"@type":"EntryPoint","urlTemplate":"https:\/\/www.kraemer-druck.de\/?s={search_term_string}"},"query-input":{"@type":"PropertyValueSpecification","valueRequired":true,"valueName":"search_term_string"}}],"inLanguage":"en-GB"},{"@type":"Organization","@id":"https:\/\/www.kraemer-druck.de\/#organization","name":"Kr\u00e4mer Druck \u2013\u00a0Etikettendruckerei an der Mosel","alternateName":"Kr\u00e4mer Druck GmbH","url":"https:\/\/www.kraemer-druck.de\/","logo":{"@type":"ImageObject","inLanguage":"en-GB","@id":"https:\/\/www.kraemer-druck.de\/#\/schema\/logo\/image\/","url":"https:\/\/www.kraemer-druck.de\/wp-content\/uploads\/2023\/08\/Logo_.png","contentUrl":"https:\/\/www.kraemer-druck.de\/wp-content\/uploads\/2023\/08\/Logo_.png","width":3175,"height":730,"caption":"Kr\u00e4mer Druck \u2013\u00a0Etikettendruckerei an der Mosel"},"image":{"@id":"https:\/\/www.kraemer-druck.de\/#\/schema\/logo\/image\/"},"sameAs":["https:\/\/www.facebook.com\/KraemerDruck","https:\/\/www.instagram.com\/kraemer_druck","https:\/\/www.youtube.com\/@kraemerdruck","https:\/\/www.linkedin.com\/company\/kraemerdruck\/"]},{"@type":"Person","@id":"https:\/\/www.kraemer-druck.de\/#\/schema\/person\/90ab76f26bd85bca3bc5174c45df51f4","name":"kraemerdruck","image":{"@type":"ImageObject","inLanguage":"en-GB","@id":"https:\/\/secure.gravatar.com\/avatar\/995633c2ffc8bd6ce4d9bf2d84e02ad808c5b16d146b0e3c48f20f833fd24c35?s=96&d=mm&r=g","url":"https:\/\/secure.gravatar.com\/avatar\/995633c2ffc8bd6ce4d9bf2d84e02ad808c5b16d146b0e3c48f20f833fd24c35?s=96&d=mm&r=g","contentUrl":"https:\/\/secure.gravatar.com\/avatar\/995633c2ffc8bd6ce4d9bf2d84e02ad808c5b16d146b0e3c48f20f833fd24c35?s=96&d=mm&r=g","caption":"kraemerdruck"},"sameAs":["https:\/\/www.kraemer-druck.de"]}]}},"_links":{"self":[{"href":"https:\/\/www.kraemer-druck.de\/en\/wp-json\/wp\/v2\/posts\/3794","targetHints":{"allow":["GET"]}}],"collection":[{"href":"https:\/\/www.kraemer-druck.de\/en\/wp-json\/wp\/v2\/posts"}],"about":[{"href":"https:\/\/www.kraemer-druck.de\/en\/wp-json\/wp\/v2\/types\/post"}],"author":[{"embeddable":true,"href":"https:\/\/www.kraemer-druck.de\/en\/wp-json\/wp\/v2\/users\/1"}],"replies":[{"embeddable":true,"href":"https:\/\/www.kraemer-druck.de\/en\/wp-json\/wp\/v2\/comments?post=3794"}],"version-history":[{"count":38,"href":"https:\/\/www.kraemer-druck.de\/en\/wp-json\/wp\/v2\/posts\/3794\/revisions"}],"predecessor-version":[{"id":8124,"href":"https:\/\/www.kraemer-druck.de\/en\/wp-json\/wp\/v2\/posts\/3794\/revisions\/8124"}],"wp:featuredmedia":[{"embeddable":true,"href":"https:\/\/www.kraemer-druck.de\/en\/wp-json\/wp\/v2\/media\/3698"}],"wp:attachment":[{"href":"https:\/\/www.kraemer-druck.de\/en\/wp-json\/wp\/v2\/media?parent=3794"}],"wp:term":[{"taxonomy":"category","embeddable":true,"href":"https:\/\/www.kraemer-druck.de\/en\/wp-json\/wp\/v2\/categories?post=3794"},{"taxonomy":"post_tag","embeddable":true,"href":"https:\/\/www.kraemer-druck.de\/en\/wp-json\/wp\/v2\/tags?post=3794"}],"curies":[{"name":"wp","href":"https:\/\/api.w.org\/{rel}","templated":true}]}}